{"id":5133,"date":"2021-09-16T12:20:59","date_gmt":"2021-09-16T11:20:59","guid":{"rendered":"https:\/\/tribunadeangola.org\/?p=5133"},"modified":"2021-09-22T19:46:49","modified_gmt":"2021-09-22T18:46:49","slug":"o-tempo-e-o-modo","status":"publish","type":"post","link":"https:\/\/tribunadeangola.org\/?p=5133","title":{"rendered":"O tempo e o modo"},"content":{"rendered":"\n<p class=\"has-drop-cap\">Como cidad\u00e3o angolano na di\u00e1spora, agarrado sempre ao meu ch\u00e3o, Umbundo do Ukuma, sinto-me lisonjeado com os ventos convergentes que sopram de todos os quadrantes do planeta, em favor de Angola e da sua credibilidade e confian\u00e7a, com consequ\u00eancias a breve prazo para melhorias significativas para os angolanos.<\/p>\n\n\n\n<p>Jo\u00e3o Louren\u00e7o mostrou estoicismo adulto e de estadista, com a crise internacional instalada que fez tremer o mundo, acrescida do oportunismo irritante de Adalberto Costa J\u00fanior e a UNITA a tentar boicotar perenemente a a\u00e7\u00e3o governativa, eis que contrariando o ciclone tempestuoso que assinalavam o abismo, na rua e entre fam\u00edlia de conveni\u00eancia na capoeira, as boas novas surgem como tranquilizante e faz emergir a cren\u00e7a que com esfor\u00e7o e sem espet\u00e1culo poderemos ter a bonan\u00e7a.<\/p>\n\n\n\n<p>As ag\u00eancias de &#8220;rating&#8221; internacionais mais cred\u00edveis valorizam Angola, a Sonangol vira a p\u00e1gina negra de gest\u00e3o danosa no passado, a produtividade interna cresce a olhos vistos, a regula\u00e7\u00e3o come\u00e7a a ganhar corpo como agora na Educa\u00e7\u00e3o, a habita\u00e7\u00e3o entra em novo paradigma com a auto constru\u00e7\u00e3o dirigida no lugar das megal\u00f3manas centralidades, e a Justi\u00e7a faz o seu caminho como Poder independente como comprova o retorno a Luanda de Jos\u00e9 Eduardo dos Santos.<\/p>\n\n\n\n<p>Claro que o afoito ACJ est\u00e1 sem norte e sem oriente, desnorteado e desorientado enviou Chivukuvuku a Lisboa e agora vai Vieira Dias a Benguela, e na rua perdeu definitivamente o controlo para os anarquistas que ele mesmo promoveu. Colocou agora Mihaela Weba na linha da frente, o general Gato continua na clandestinidade, e o grande feito de Jo\u00e3o Louren\u00e7o \u00e9 a desconfian\u00e7a com que \u00c1frica e o Mundo olham a UNITA racista e separatista cuja ascens\u00e3o seria uma trag\u00e9dia para regi\u00e3o Austral.<\/p>\n\n\n\n<p>De real\u00e7ar a maturidade dos cidad\u00e3os angolanos, fora os alienados e dependentes da luxuria, souberam resistir \u00e0 tenta\u00e7\u00e3o da mentira e do facilitismo, em sufoco e calmaria suportaram as adversidades e com sabedoria n\u00e3o embalaram no entusiasmo balofo, e v\u00e3o colocando a UNITA como \u00f3rf\u00e3o da vontade popular.<\/p>\n\n\n\n<p>A meta ainda est\u00e1 l\u00e1 para frente, a corrida n\u00e3o acabou, os impostores d\u00e3o sinais de desgaste, o sonho da ilus\u00e3o virou pesadelo da realidade, a intriga de t\u00e3o gorda j\u00e1 n\u00e3o anda, de t\u00e3o gasta j\u00e1 n\u00e3o corta, e entre a sombra serena da madrugada emergir\u00e1 o monstro no p\u00e2ntano que as tempestades causaram.<\/p>\n\n\n\n<p>E assim, uma vez mais, o Galo Negro cumpre o seu destino, cacareja, cacareja, cacareja, mas n\u00e3o sai da capoeira.<\/p>\n","protected":false},"excerpt":{"rendered":"<p>Como cidad\u00e3o angolano na di\u00e1spora, agarrado sempre ao meu ch\u00e3o, Umbundo do Ukuma, sinto-me lisonjeado com os ventos convergentes que sopram de todos os quadrantes do planeta, em favor de Angola e da sua credibilidade e confian\u00e7a, com consequ\u00eancias a breve prazo para melhorias significativas para os angolanos. Jo\u00e3o Louren\u00e7o mostrou estoicismo adulto e de [&hellip;]<\/p>\n","protected":false},"author":5,"featured_media":5135,"comment_status":"open","ping_status":"open","sticky":false,"template":"","format":"standard","meta":{"inline_featured_image":false,"footnotes":""},"categories":[105,21],"tags":[327,28,1105,89,722,793,24,33,120,497,291,137,935,25],"class_list":["post-5133","post","type-post","status-publish","format-standard","has-post-thumbnail","hentry","category-noticias","category-opiniao","tag-abel-chivukuvuku","tag-adalberto-costa-junior","tag-agencias-de-rating","tag-angola","tag-angolanos","tag-cidadaos","tag-galo-negro","tag-joao-lourenco","tag-jose-eduardo-dos-santos","tag-justica","tag-mihaela-weba","tag-sonangol","tag-umbundo","tag-unita"],"_links":{"self":[{"href":"https:\/\/tribunadeangola.org\/index.php?rest_route=\/wp\/v2\/posts\/5133","targetHints":{"allow":["GET"]}}],"collection":[{"href":"https:\/\/tribunadeangola.org\/index.php?rest_route=\/wp\/v2\/posts"}],"about":[{"href":"https:\/\/tribunadeangola.org\/index.php?rest_route=\/wp\/v2\/types\/post"}],"author":[{"embeddable":true,"href":"https:\/\/tribunadeangola.org\/index.php?rest_route=\/wp\/v2\/users\/5"}],"replies":[{"embeddable":true,"href":"https:\/\/tribunadeangola.org\/index.php?rest_route=%2Fwp%2Fv2%2Fcomments&post=5133"}],"version-history":[{"count":1,"href":"https:\/\/tribunadeangola.org\/index.php?rest_route=\/wp\/v2\/posts\/5133\/revisions"}],"predecessor-version":[{"id":5134,"href":"https:\/\/tribunadeangola.org\/index.php?rest_route=\/wp\/v2\/posts\/5133\/revisions\/5134"}],"wp:featuredmedia":[{"embeddable":true,"href":"https:\/\/tribunadeangola.org\/index.php?rest_route=\/wp\/v2\/media\/5135"}],"wp:attachment":[{"href":"https:\/\/tribunadeangola.org\/index.php?rest_route=%2Fwp%2Fv2%2Fmedia&parent=5133"}],"wp:term":[{"taxonomy":"category","embeddable":true,"href":"https:\/\/tribunadeangola.org\/index.php?rest_route=%2Fwp%2Fv2%2Fcategories&post=5133"},{"taxonomy":"post_tag","embeddable":true,"href":"https:\/\/tribunadeangola.org\/index.php?rest_route=%2Fwp%2Fv2%2Ftags&post=5133"}],"curies":[{"name":"wp","href":"https:\/\/api.w.org\/{rel}","templated":true}]}}