{"id":5058,"date":"2021-09-03T18:29:15","date_gmt":"2021-09-03T17:29:15","guid":{"rendered":"https:\/\/tribunadeangola.org\/?p=5058"},"modified":"2021-09-07T18:33:09","modified_gmt":"2021-09-07T17:33:09","slug":"unita-retrato-de-outrora-espelho-de-agora","status":"publish","type":"post","link":"https:\/\/tribunadeangola.org\/?p=5058","title":{"rendered":"UNITA &#8211; retrato de outrora espelho de agora"},"content":{"rendered":"\n<p class=\"has-drop-cap\">Discursos inflamados de demagogia, palavras ensaiadas para auto-satisfa\u00e7\u00e3o do ego, irresponsabilidade e aus\u00eancia total de no\u00e7\u00e3o de Estado, \u00e9 o somat\u00f3rio da sombra que j\u00e1 n\u00e3o consegue ocultar o desnorte da am\u00e1lgama fragmentada dos que se digladiam&nbsp;no topo do Galo Negro.<\/p>\n\n\n\n<p>O ru\u00eddo da vitimiza\u00e7\u00e3o induzido por uma contra-informa\u00e7\u00e3o gratuita, deu frutos na aliena\u00e7\u00e3o dos desatentos, todavia cansou e repartiu os louros pela UNITA e pela rua que a ultrapassou. Adalberto Costa J\u00fanior agarra-se aos anarquistas para segurar-se na lideran\u00e7a, mas de Jos\u00e9 Eduardo dos Santos ao general Gato a perda de confian\u00e7a lan\u00e7a-o para o vale tudo.<\/p>\n\n\n\n<p>A UNITA est\u00e1 com a sua complac\u00eancia a fabricar m\u00e1rtires, mitos, \u00edcones que desafiam a autoridade do Estado, entre o retrato de outrora e o espelho de agora h\u00e1 similitudes assustadoras, al\u00e9m da partilha das mordomias com os marimbondos, o Galo Negro tem um rasto de morte e destrui\u00e7\u00e3o que n\u00e3o assume, como n\u00e3o assume esta irritante subordina\u00e7\u00e3o a Z\u00e9du e Isabel dos Santos a troco de interesses inconfess\u00e1veis, ou talvez n\u00e3o.<\/p>\n\n\n\n<p>A UNITA \u00e9 o paradigma de um palco de doutores, de generais sem armas, e de cruzes em cemit\u00e9rios improvisados do hediondo&nbsp;desrespeito pela vida, desgra\u00e7ados daqueles que necessita de regressar ao passado, a mem\u00f3ria estarrecedora inquisitorial contraria&nbsp;a t\u00e3o apregoada&nbsp;luta pela Democracia.<\/p>\n\n\n\n<p>O general Gato foi militar de gabinete em Paris, Ernesto Mulato foi exilado na Alemanha, Samakuva desfrutou da guerra em Londres, Adalberto Costa J\u00fanior passeou-se por Portugal sem completar curso algum, fez forma\u00e7\u00e3o em Roma num est\u00e1gio de Ver\u00e3o, e as FALA foram organizadas em 1975 no Kwanza por ex-oficiais e sargentos das For\u00e7as Armadas portuguesas, como consta em documenta\u00e7\u00e3o oficial de v\u00e1ria ordem.<\/p>\n\n\n\n<p>ACJ fala em sociedade civil, mas quais s\u00e3o as proeminentes figuras p\u00fablicas apartid\u00e1rias que emprestaram o seu apoio sem reservas ao l\u00edder da UNITA? Juventude an\u00e1rquica? Exilados em Lisboa? T\u00e9cnicos de propaganda principescamente pagos?&nbsp;<\/p>\n\n\n\n<p>Uma coisa \u00e9 evidente, o apelo \u00e0 tomada do Poder atrav\u00e9s da rua \u00e9 uma constante, o lan\u00e7amento do p\u00e2nico \u00e9 perene, n\u00e3o faltam os patetas e os idiotas \u00fateis para abrirem alas, tudo em nome da democracia, mas sem compromisso de governa\u00e7\u00e3o com programa. E com quem?<\/p>\n","protected":false},"excerpt":{"rendered":"<p>Discursos inflamados de demagogia, palavras ensaiadas para auto-satisfa\u00e7\u00e3o do ego, irresponsabilidade e aus\u00eancia total de no\u00e7\u00e3o de Estado, \u00e9 o somat\u00f3rio da sombra que j\u00e1 n\u00e3o consegue ocultar o desnorte da am\u00e1lgama fragmentada dos que se digladiam&nbsp;no topo do Galo Negro. O ru\u00eddo da vitimiza\u00e7\u00e3o induzido por uma contra-informa\u00e7\u00e3o gratuita, deu frutos na aliena\u00e7\u00e3o dos [&hellip;]<\/p>\n","protected":false},"author":5,"featured_media":5059,"comment_status":"open","ping_status":"open","sticky":false,"template":"","format":"standard","meta":{"inline_featured_image":false,"footnotes":""},"categories":[105,21],"tags":[491,28,208,24,330,237,292,25,328],"class_list":["post-5058","post","type-post","status-publish","format-standard","has-post-thumbnail","hentry","category-noticias","category-opiniao","tag-acj","tag-adalberto-costa-junior","tag-democracia","tag-galo-negro","tag-general-gato","tag-isaias-samakuva","tag-marimbondos","tag-unita","tag-zedu"],"_links":{"self":[{"href":"https:\/\/tribunadeangola.org\/index.php?rest_route=\/wp\/v2\/posts\/5058","targetHints":{"allow":["GET"]}}],"collection":[{"href":"https:\/\/tribunadeangola.org\/index.php?rest_route=\/wp\/v2\/posts"}],"about":[{"href":"https:\/\/tribunadeangola.org\/index.php?rest_route=\/wp\/v2\/types\/post"}],"author":[{"embeddable":true,"href":"https:\/\/tribunadeangola.org\/index.php?rest_route=\/wp\/v2\/users\/5"}],"replies":[{"embeddable":true,"href":"https:\/\/tribunadeangola.org\/index.php?rest_route=%2Fwp%2Fv2%2Fcomments&post=5058"}],"version-history":[{"count":2,"href":"https:\/\/tribunadeangola.org\/index.php?rest_route=\/wp\/v2\/posts\/5058\/revisions"}],"predecessor-version":[{"id":5061,"href":"https:\/\/tribunadeangola.org\/index.php?rest_route=\/wp\/v2\/posts\/5058\/revisions\/5061"}],"wp:featuredmedia":[{"embeddable":true,"href":"https:\/\/tribunadeangola.org\/index.php?rest_route=\/wp\/v2\/media\/5059"}],"wp:attachment":[{"href":"https:\/\/tribunadeangola.org\/index.php?rest_route=%2Fwp%2Fv2%2Fmedia&parent=5058"}],"wp:term":[{"taxonomy":"category","embeddable":true,"href":"https:\/\/tribunadeangola.org\/index.php?rest_route=%2Fwp%2Fv2%2Fcategories&post=5058"},{"taxonomy":"post_tag","embeddable":true,"href":"https:\/\/tribunadeangola.org\/index.php?rest_route=%2Fwp%2Fv2%2Ftags&post=5058"}],"curies":[{"name":"wp","href":"https:\/\/api.w.org\/{rel}","templated":true}]}}