{"id":5052,"date":"2021-09-02T10:26:00","date_gmt":"2021-09-02T09:26:00","guid":{"rendered":"https:\/\/tribunadeangola.org\/?p=5052"},"modified":"2021-09-04T16:35:44","modified_gmt":"2021-09-04T15:35:44","slug":"paulo-flores-vai-cantar-na-festa-do-avante","status":"publish","type":"post","link":"https:\/\/tribunadeangola.org\/?p=5052","title":{"rendered":"Paulo Flores vai cantar na Festa do Avante"},"content":{"rendered":"\n<p class=\"has-drop-cap\">O cantor e compositor angolano Paulo Flores tinha \u201cdecretado\u201d a sua \u2018Independ\u00eancia\u2019 quando, em maio de 2021, lan\u00e7ou o \u00e1lbum com esse t\u00edtulo no Coliseu de Lisboa, em Portugal. Tr\u00eas meses depois, ao quinto dia do Festival InterMEDio, a 27 de agosto, na cidade de Loul\u00e9, no Algarve, voltou a galvanizar o p\u00fablico com as suas novas m\u00fasicas, contando com as sonoridades do guitarrista Manecas Costa e do baterista Ivo Costa. E \u00e9 com esse entusiasmo das plateias que se prepara para subir, dia 4 de setembro, ao palco 25 de Abril, pelas 18h30, na Festa do Avante, no Seixal, na margem Sul do rio Tejo.<\/p>\n\n\n\n<p>Paulo Flores vai ter a seu lado em palco na festa maior do Partido Comunista Portugu\u00eas (PCP) os amigos Yuri da Cunha e Prod\u00edgio, o rapper da For\u00e7a Suprema, com quem gravou o \u00e1lbum \u2018A B\u00ean\u00e7\u00e3o e a Maldi\u00e7\u00e3o\u2019.<\/p>\n\n\n\n<p>O cantor, que \u00e9 considerado um dos maiores embaixadores da m\u00fasica angolana, que vai para l\u00e1 da Semba, o seu estilo musical de raiz, vai mostrar aos espectadores da Festa do Avante um \u00e1lbum com m\u00fasicas que s\u00e3o uma carta aberta ao trauma, que pode ser sobrescrito como uma verdadeira liberta\u00e7\u00e3o.<\/p>\n\n\n\n<p>\u2018Si Bu Sta Dianti na Luta\/Xica Feia\u2019, um dos temas de \u2018Independ\u00eancia\u2019, \u00e9 uma homenagem sentida \u00e0 \u201ccondi\u00e7\u00e3o da mulher africana e do mundo inteiro\u201d \u2013 e tamb\u00e9m agora do Afeganist\u00e3o, como Paulo Flores fez quest\u00e3o de cantar h\u00e1 poucos dias em Loul\u00e9, improvisando \u2013 sem poupar no detalhe e na extens\u00e3o das viol\u00eancias a que o mundo isl\u00e2mico sujeita as mulheres.<\/p>\n\n\n\n<p><strong>Independ\u00eancia sem viol\u00eancia<\/strong><\/p>\n\n\n\n<p>Em declara\u00e7\u00f5es proferidas em maio, aquando do lan\u00e7amento do trabalho discogr\u00e1fico, Paulo Flores destacou o facto de que para a maioria dos angolanos, \u201co livre pensamento ainda \u00e9 um direito por conquistar no pa\u00eds\u201d.<\/p>\n\n\n\n<p>As m\u00fasicas do seu \u00e1lbum s\u00e3o assim um testemunho pessoal\u00edssimo dos 45 anos de independ\u00eancia de Angola, mas tamb\u00e9m uma celebra\u00e7\u00e3o \u00fanica dos 48 anos de vida art\u00edstica do m\u00fasico, natural do Cazenga, uma cidade dos arredores de Luanda.<\/p>\n\n\n\n<p>\u201cEste \u00e1lbum procura essencialmente uma reflex\u00e3o que, mais do que m\u00fasica, tinha a ver com o conte\u00fado e com o texto da mensagem que eu queria passar, que tem a ver com as depend\u00eancias sobre as quais a nossa independ\u00eancia ainda est\u00e1 dependente. A nossa independ\u00eancia n\u00e3o vai ser pelas armas, n\u00e3o vai ser pela viol\u00eancia. Vai ser pelo pensamento, que \u00e9 o que mais nos \u00e9 privado\u201d, frisou o artista.<\/p>\n\n\n\n<p>E onde foi o cantor buscar inspira\u00e7\u00e3o? Paulo Flores confessa tudo, numa entrevista ao site DW. \u201cLembrei-me do \u00e1lbum \u2018Independ\u00eancia\u2019 do Teta Lando. Achei que seria interessante falar com o Yuri [da Cunha], ele tamb\u00e9m gostou dessa ideia e refletimos sobre o facto de sentimos ainda as mesmas car\u00eancias que Teta Lando cantava quando lan\u00e7ou o \u2018Independ\u00eancia\u2019 dele\u201d, rematou.<\/p>\n","protected":false},"excerpt":{"rendered":"<p>O cantor e compositor angolano Paulo Flores tinha \u201cdecretado\u201d a sua \u2018Independ\u00eancia\u2019 quando, em maio de 2021, lan\u00e7ou o \u00e1lbum com esse t\u00edtulo no Coliseu de Lisboa, em Portugal. Tr\u00eas meses depois, ao quinto dia do Festival InterMEDio, a 27 de agosto, na cidade de Loul\u00e9, no Algarve, voltou a galvanizar o p\u00fablico com as [&hellip;]<\/p>\n","protected":false},"author":1,"featured_media":5054,"comment_status":"open","ping_status":"open","sticky":false,"template":"","format":"standard","meta":{"inline_featured_image":false,"footnotes":""},"categories":[106],"tags":[686,1043,1044,611,36,694,1045,700,772],"class_list":["post-5052","post","type-post","status-publish","format-standard","has-post-thumbnail","hentry","category-koollife","tag-cantor","tag-compositor","tag-festa-do-avante","tag-independencia","tag-musica","tag-paulo-flores","tag-pcp","tag-semba","tag-yuri-da-cunha"],"_links":{"self":[{"href":"https:\/\/tribunadeangola.org\/index.php?rest_route=\/wp\/v2\/posts\/5052","targetHints":{"allow":["GET"]}}],"collection":[{"href":"https:\/\/tribunadeangola.org\/index.php?rest_route=\/wp\/v2\/posts"}],"about":[{"href":"https:\/\/tribunadeangola.org\/index.php?rest_route=\/wp\/v2\/types\/post"}],"author":[{"embeddable":true,"href":"https:\/\/tribunadeangola.org\/index.php?rest_route=\/wp\/v2\/users\/1"}],"replies":[{"embeddable":true,"href":"https:\/\/tribunadeangola.org\/index.php?rest_route=%2Fwp%2Fv2%2Fcomments&post=5052"}],"version-history":[{"count":2,"href":"https:\/\/tribunadeangola.org\/index.php?rest_route=\/wp\/v2\/posts\/5052\/revisions"}],"predecessor-version":[{"id":5057,"href":"https:\/\/tribunadeangola.org\/index.php?rest_route=\/wp\/v2\/posts\/5052\/revisions\/5057"}],"wp:featuredmedia":[{"embeddable":true,"href":"https:\/\/tribunadeangola.org\/index.php?rest_route=\/wp\/v2\/media\/5054"}],"wp:attachment":[{"href":"https:\/\/tribunadeangola.org\/index.php?rest_route=%2Fwp%2Fv2%2Fmedia&parent=5052"}],"wp:term":[{"taxonomy":"category","embeddable":true,"href":"https:\/\/tribunadeangola.org\/index.php?rest_route=%2Fwp%2Fv2%2Fcategories&post=5052"},{"taxonomy":"post_tag","embeddable":true,"href":"https:\/\/tribunadeangola.org\/index.php?rest_route=%2Fwp%2Fv2%2Ftags&post=5052"}],"curies":[{"name":"wp","href":"https:\/\/api.w.org\/{rel}","templated":true}]}}