{"id":5025,"date":"2021-08-26T11:22:00","date_gmt":"2021-08-26T10:22:00","guid":{"rendered":"https:\/\/tribunadeangola.org\/?p=5025"},"modified":"2021-09-03T10:44:10","modified_gmt":"2021-09-03T09:44:10","slug":"festival-de-musica-2021-traz-a-angola-os-maiores-cantores-africanos-da-lusofonia","status":"publish","type":"post","link":"https:\/\/tribunadeangola.org\/?p=5025","title":{"rendered":"\u2018Festival de M\u00fasica 2021\u2019 traz a Angola os maiores cantores africanos da lusofonia"},"content":{"rendered":"\n<p class=\"has-drop-cap\">Os angolanos adoram m\u00fasica e dan\u00e7a e por isso, em tempos de pandemia, na impossibilidade de estarmos todos juntos ao vivo, a edi\u00e7\u00e3o deste ano do 6.\u00ba Festival da M\u00fasica volta a ser online e gr\u00e1tis, como aconteceu em 2020, sempre no site <a href=\"http:\/\/www.festadamusica.ao\">www.festadamusica.ao<\/a>, durante os dias 17, 18 e 19 de setembro, com a vantagem de que se poder\u00e1 rever algumas atua\u00e7\u00f5es dos nossos cantores e atores favoritos em streaming.<\/p>\n\n\n\n<p>Com o apoio da operadora Unitel, este evento ser\u00e1 o maior festival de m\u00fasica e cultura de Angola e trar\u00e1 a Angola, sempre atrav\u00e9s da internet, al\u00e9m dos concertos de m\u00fasica, pe\u00e7as de teatro, debates e at\u00e9 atividades desportivas.<\/p>\n\n\n\n<p>A produ\u00e7\u00e3o do festival j\u00e1 anunciou as atra\u00e7\u00f5es da edi\u00e7\u00e3o de 2021 e o cartaz promete bons concertos e espect\u00e1culos e um dos convidados em destaque \u00e9 o pol\u00e9mico e irreverente cantor angolano Scro Q Kuia, que se tornou um fen\u00f3meno internacional.<\/p>\n\n\n\n<p><strong>Um cartaz de luxo<\/strong><\/p>\n\n\n\n<p>Mas n\u00e3o estar\u00e1 sozinho. O cartaz \u00e9 composto por mais de 60 artistas nacionais e estrangeiros, e nos concertos que decorrer\u00e3o ao longo dos tr\u00eas dias de festa constam nomes grandes da m\u00fasica como a popular dupla santomense Calema, dos irm\u00e3os Ant\u00f3nio Ferreira e Fradique Ferreira, a cabo-verdiana Soraia Ramos, os angolanos Yola Semedo, Yuri da Cunha, Matias Dam\u00e1sio, C4 Pedro, Ary, Puto Portugu\u00eas, P\u00e9rola, Edmazia e Anna Joyce.<\/p>\n\n\n\n<p>A lista final j\u00e1 tem as confirma\u00e7\u00f5es de Landrick, Gerilson Israel, Noite e Dia, Rui Orlando, Nagrelha, Edgar Domingos, Titica, Preto Show, Bass, Plut\u00f3nio, Anderson M\u00e1rio, Uami Dongadas, J\u00e9ssica Pitbull, os grupos Killa Hill, Dream Boyz, Elenco de Luxo, For\u00e7a Suprema, Zona 5, Mobbers, TRX, Ner\u00fa Americano e Toy Toy-Rex.<\/p>\n\n\n\n<p>A anima\u00e7\u00e3o musical estar\u00e1 a cargo dos Djs Malvado, Znobia, Djeff, Lutonda, Leo Cris, Omix, Nelasta, H\u00e9lio Baiano e Nilson, naquele que \u00e9 o maior evento cultural nacionais.<\/p>\n","protected":false},"excerpt":{"rendered":"<p>Os angolanos adoram m\u00fasica e dan\u00e7a e por isso, em tempos de pandemia, na impossibilidade de estarmos todos juntos ao vivo, a edi\u00e7\u00e3o deste ano do 6.\u00ba Festival da M\u00fasica volta a ser online e gr\u00e1tis, como aconteceu em 2020, sempre no site www.festadamusica.ao, durante os dias 17, 18 e 19 de setembro, com a [&hellip;]<\/p>\n","protected":false},"author":1,"featured_media":5027,"comment_status":"open","ping_status":"open","sticky":false,"template":"","format":"standard","meta":{"inline_featured_image":false,"footnotes":""},"categories":[106],"tags":[596,818,1011,1012,699,1013,1008,1009,1010,368],"class_list":["post-5025","post","type-post","status-publish","format-standard","has-post-thumbnail","hentry","category-koollife","tag-artistas","tag-calema","tag-cartaz","tag-concertos","tag-cultura","tag-espectaculos","tag-festival-de-musica","tag-online","tag-scro-q-kuia","tag-streaming"],"_links":{"self":[{"href":"https:\/\/tribunadeangola.org\/index.php?rest_route=\/wp\/v2\/posts\/5025","targetHints":{"allow":["GET"]}}],"collection":[{"href":"https:\/\/tribunadeangola.org\/index.php?rest_route=\/wp\/v2\/posts"}],"about":[{"href":"https:\/\/tribunadeangola.org\/index.php?rest_route=\/wp\/v2\/types\/post"}],"author":[{"embeddable":true,"href":"https:\/\/tribunadeangola.org\/index.php?rest_route=\/wp\/v2\/users\/1"}],"replies":[{"embeddable":true,"href":"https:\/\/tribunadeangola.org\/index.php?rest_route=%2Fwp%2Fv2%2Fcomments&post=5025"}],"version-history":[{"count":3,"href":"https:\/\/tribunadeangola.org\/index.php?rest_route=\/wp\/v2\/posts\/5025\/revisions"}],"predecessor-version":[{"id":5029,"href":"https:\/\/tribunadeangola.org\/index.php?rest_route=\/wp\/v2\/posts\/5025\/revisions\/5029"}],"wp:featuredmedia":[{"embeddable":true,"href":"https:\/\/tribunadeangola.org\/index.php?rest_route=\/wp\/v2\/media\/5027"}],"wp:attachment":[{"href":"https:\/\/tribunadeangola.org\/index.php?rest_route=%2Fwp%2Fv2%2Fmedia&parent=5025"}],"wp:term":[{"taxonomy":"category","embeddable":true,"href":"https:\/\/tribunadeangola.org\/index.php?rest_route=%2Fwp%2Fv2%2Fcategories&post=5025"},{"taxonomy":"post_tag","embeddable":true,"href":"https:\/\/tribunadeangola.org\/index.php?rest_route=%2Fwp%2Fv2%2Ftags&post=5025"}],"curies":[{"name":"wp","href":"https:\/\/api.w.org\/{rel}","templated":true}]}}