{"id":5021,"date":"2021-08-23T11:59:00","date_gmt":"2021-08-23T10:59:00","guid":{"rendered":"https:\/\/tribunadeangola.org\/?p=5021"},"modified":"2021-08-31T10:33:20","modified_gmt":"2021-08-31T09:33:20","slug":"daniel-nascimento-garante-que-nao-faria-o-zoom-da-semana-sem-o-rapper-mck","status":"publish","type":"post","link":"https:\/\/tribunadeangola.org\/?p=5021","title":{"rendered":"Daniel Nascimento garante que n\u00e3o faria o \u2018Zoom da Semana\u2019 sem o rapper MCK"},"content":{"rendered":"\n<p class=\"has-drop-cap\">O apresentador, jornalista, produtor e compositor musical Daniel Nascimento, que h\u00e1 quase um ano criou e conduz o programa de infotainment \u2018Zoom da Semana\u2019, na operadora de televis\u00e3o ZAP &#8211; formato que aborda temas da atualidade de forma inovadora, divertida e din\u00e2mica -, veio agora afirmar publicamente que n\u00e3o estaria \u00e0 frente desse programa se o rapper e ativista MCK n\u00e3o fosse um dos comentadores residentes.<\/p>\n\n\n\n<p>O coordenador e apresentador do \u2018Zoom da Semana\u2019 fez essa revela\u00e7\u00e3o durante uma conversa com o locutor H\u00e9lio Crist\u00f3v\u00e3o, aos microfones da r\u00e1dio PLATINA FM, no decorrer do programa \u2018Showbiz Talk\u2019.<\/p>\n\n\n\n<p>Daniel sublinhou que as opini\u00f5es e a postura de MCK foram fundamentais para construir a sua forma de olhar para Angola, para as suas institui\u00e7\u00f5es e realidades. \u201cO K foi muito fundamental na minha forma de olhar para o pa\u00eds, para as pessoas e para as situa\u00e7\u00f5es. Eu tinha e tenho uma postura, mas ele foi fundamental para solidificar certos conceitos que eu j\u00e1 tinha e para me educar em rela\u00e7\u00e3o a outros\u201d, afian\u00e7ou.<\/p>\n\n\n\n<p><strong>MCK \u00e9 \u201cuma refer\u00eancia\u201d<\/strong><\/p>\n\n\n\n<p>O acarinhado apresentador angolano revelou ainda que a amizade com o rapper come\u00e7ou quando apresentava o programa \u2018Zap News\u2019, formato que, durante anos, liderou as audi\u00eancias televisivas em Angola. \u201cDa\u00ed para frente ficamos amigos e hoje somos como dois irm\u00e3os. Tenho uma admira\u00e7\u00e3o t\u00e3o grande por ele. Ser amigo do K, para mim, \u00e9 motivo de orgulho. \u00c9 uma coisa que exibo: Sou amigo do MCK, tamb\u00e9m porque ele \u00e9 uma refer\u00eancia\u201d, rematou.<\/p>\n\n\n\n<p>Nascimento reafirmou que n\u00e3o faria o \u2018Zoom da Semana\u2019 se o rapper MCK, licenciado em Filosofia e Direito, n\u00e3o estivesse no projeto, considerando ser este um ativo valioso do programa e \u201cuma pessoa que nos ajuda a focar nas coisas e a olhar a vida com outros olhos\u201d.<\/p>\n","protected":false},"excerpt":{"rendered":"<p>O apresentador, jornalista, produtor e compositor musical Daniel Nascimento, que h\u00e1 quase um ano criou e conduz o programa de infotainment \u2018Zoom da Semana\u2019, na operadora de televis\u00e3o ZAP &#8211; formato que aborda temas da atualidade de forma inovadora, divertida e din\u00e2mica -, veio agora afirmar publicamente que n\u00e3o estaria \u00e0 frente desse programa se [&hellip;]<\/p>\n","protected":false},"author":1,"featured_media":5023,"comment_status":"open","ping_status":"open","sticky":false,"template":"","format":"standard","meta":{"inline_featured_image":false,"footnotes":""},"categories":[106],"tags":[1003,1000,1004,1006,1002,1007,1001,1005],"class_list":["post-5021","post","type-post","status-publish","format-standard","has-post-thumbnail","hentry","category-koollife","tag-ativista","tag-daniel-nascimento","tag-mck","tag-platina-fm","tag-rapper","tag-referencia","tag-zap","tag-zoom-da-semana"],"_links":{"self":[{"href":"https:\/\/tribunadeangola.org\/index.php?rest_route=\/wp\/v2\/posts\/5021","targetHints":{"allow":["GET"]}}],"collection":[{"href":"https:\/\/tribunadeangola.org\/index.php?rest_route=\/wp\/v2\/posts"}],"about":[{"href":"https:\/\/tribunadeangola.org\/index.php?rest_route=\/wp\/v2\/types\/post"}],"author":[{"embeddable":true,"href":"https:\/\/tribunadeangola.org\/index.php?rest_route=\/wp\/v2\/users\/1"}],"replies":[{"embeddable":true,"href":"https:\/\/tribunadeangola.org\/index.php?rest_route=%2Fwp%2Fv2%2Fcomments&post=5021"}],"version-history":[{"count":2,"href":"https:\/\/tribunadeangola.org\/index.php?rest_route=\/wp\/v2\/posts\/5021\/revisions"}],"predecessor-version":[{"id":5024,"href":"https:\/\/tribunadeangola.org\/index.php?rest_route=\/wp\/v2\/posts\/5021\/revisions\/5024"}],"wp:featuredmedia":[{"embeddable":true,"href":"https:\/\/tribunadeangola.org\/index.php?rest_route=\/wp\/v2\/media\/5023"}],"wp:attachment":[{"href":"https:\/\/tribunadeangola.org\/index.php?rest_route=%2Fwp%2Fv2%2Fmedia&parent=5021"}],"wp:term":[{"taxonomy":"category","embeddable":true,"href":"https:\/\/tribunadeangola.org\/index.php?rest_route=%2Fwp%2Fv2%2Fcategories&post=5021"},{"taxonomy":"post_tag","embeddable":true,"href":"https:\/\/tribunadeangola.org\/index.php?rest_route=%2Fwp%2Fv2%2Ftags&post=5021"}],"curies":[{"name":"wp","href":"https:\/\/api.w.org\/{rel}","templated":true}]}}