{"id":5008,"date":"2021-08-20T09:22:08","date_gmt":"2021-08-20T08:22:08","guid":{"rendered":"https:\/\/tribunadeangola.org\/?p=5008"},"modified":"2021-08-24T12:27:13","modified_gmt":"2021-08-24T11:27:13","slug":"a-farsa","status":"publish","type":"post","link":"https:\/\/tribunadeangola.org\/?p=5008","title":{"rendered":"A farsa"},"content":{"rendered":"\n<p class=\"has-drop-cap\">Rid\u00edculo e fantasmag\u00f3rico o retrato do Galo Negro e do galinheiro, uma hedionda mentira dos mercadores de ilus\u00f5es, afinal de rosto descoberto ensaiaram resposta ao que teatralizam ocultos e disfar\u00e7ados nas redes sociais digitais, onde buscam protagonismo das suas vacuidades, e palco para os seus intentos.<\/p>\n\n\n\n<p>Adalberto Costa J\u00fanior arrasta uma multid\u00e3o de alienados, o del\u00edrio empurra para uma uni\u00e3o amorda\u00e7ada, acorrentada pelo medo, e a coreografia \u00e9 para dar alimento aos nefelibatas que vagueiam o espa\u00e7o onde a UNITA atolou os seus des\u00edgnios e hipotecou a sua credibilidade.<\/p>\n\n\n\n<p>O retrato da farsa nada mais \u00e9 do que uma satisfa\u00e7\u00e3o das suas pr\u00f3prias contradi\u00e7\u00f5es, \u00f3dios de estima\u00e7\u00e3o emprestaram o rosto aos escombros do que ruiu, mas para a hist\u00f3ria fica a aus\u00eancia notada no retrato, do general Gato, que presidiu ao Congresso, foi o ditador que herdou a psicopatia totalit\u00e1ria de Jonas Malheiro Savimbi, e \u00e9 a par de Eug\u00e9nio Manuvakola (que traiu Savimbi com a Renovada), os verdadeiros&nbsp;detentores do Poder do Galo Negro, com familiares estrategicamente colocados, assente num nepotismo exacerbado que os aproxima de Z\u00e9du e Isabel dos Santos.<\/p>\n\n\n\n<p>A pol\u00edtica do contra, do bota abaixo, do analfabetismo funcional pol\u00edtico, reflecte-se na postura contra a cria\u00e7\u00e3o de novas regi\u00f5es administrativas, quando demagogicamente proclamam as Autarquias como forma de aproxima\u00e7\u00e3o do Poder dos eleitores. Criticam a governa\u00e7\u00e3o pela depend\u00eancia do petr\u00f3leo, at\u00e9 agora ACJ nada mais fez do que proclamar a riqueza do petr\u00f3leo, com a agravante de cumplicidade com os autonomistas de Cabinda e da Lunda, ao mesmo tempo que em nome de toler\u00e2ncia religiosa, \u00e9 d\u00fabio na rela\u00e7\u00e3o com o Bispo Macedo da IURD e com o fundamentalismo isl\u00e2mico.<\/p>\n\n\n\n<p>Angola n\u00e3o se governa com retratos, a pol\u00edtica n\u00e3o se credibiliza com farsas, quem quer ser governo n\u00e3o pode diluir o Estado com aventureiros de rua, a Na\u00e7\u00e3o \u00e9 demasiado grande e importante para que caia nas m\u00e3os de pigmeus deslumbrados com o sonho do &#8220;el dorado&#8221; que lhes sonega o sono.<\/p>\n","protected":false},"excerpt":{"rendered":"<p>Rid\u00edculo e fantasmag\u00f3rico o retrato do Galo Negro e do galinheiro, uma hedionda mentira dos mercadores de ilus\u00f5es, afinal de rosto descoberto ensaiaram resposta ao que teatralizam ocultos e disfar\u00e7ados nas redes sociais digitais, onde buscam protagonismo das suas vacuidades, e palco para os seus intentos. Adalberto Costa J\u00fanior arrasta uma multid\u00e3o de alienados, o [&hellip;]<\/p>\n","protected":false},"author":5,"featured_media":5009,"comment_status":"open","ping_status":"open","sticky":false,"template":"","format":"standard","meta":{"inline_featured_image":false,"footnotes":""},"categories":[105,21],"tags":[491,28,398,990,24,39,25,328],"class_list":["post-5008","post","type-post","status-publish","format-standard","has-post-thumbnail","hentry","category-noticias","category-opiniao","tag-acj","tag-adalberto-costa-junior","tag-eugenio-manuvakola","tag-farsa","tag-galo-negro","tag-isabel-dos-santos","tag-unita","tag-zedu"],"_links":{"self":[{"href":"https:\/\/tribunadeangola.org\/index.php?rest_route=\/wp\/v2\/posts\/5008","targetHints":{"allow":["GET"]}}],"collection":[{"href":"https:\/\/tribunadeangola.org\/index.php?rest_route=\/wp\/v2\/posts"}],"about":[{"href":"https:\/\/tribunadeangola.org\/index.php?rest_route=\/wp\/v2\/types\/post"}],"author":[{"embeddable":true,"href":"https:\/\/tribunadeangola.org\/index.php?rest_route=\/wp\/v2\/users\/5"}],"replies":[{"embeddable":true,"href":"https:\/\/tribunadeangola.org\/index.php?rest_route=%2Fwp%2Fv2%2Fcomments&post=5008"}],"version-history":[{"count":2,"href":"https:\/\/tribunadeangola.org\/index.php?rest_route=\/wp\/v2\/posts\/5008\/revisions"}],"predecessor-version":[{"id":5011,"href":"https:\/\/tribunadeangola.org\/index.php?rest_route=\/wp\/v2\/posts\/5008\/revisions\/5011"}],"wp:featuredmedia":[{"embeddable":true,"href":"https:\/\/tribunadeangola.org\/index.php?rest_route=\/wp\/v2\/media\/5009"}],"wp:attachment":[{"href":"https:\/\/tribunadeangola.org\/index.php?rest_route=%2Fwp%2Fv2%2Fmedia&parent=5008"}],"wp:term":[{"taxonomy":"category","embeddable":true,"href":"https:\/\/tribunadeangola.org\/index.php?rest_route=%2Fwp%2Fv2%2Fcategories&post=5008"},{"taxonomy":"post_tag","embeddable":true,"href":"https:\/\/tribunadeangola.org\/index.php?rest_route=%2Fwp%2Fv2%2Ftags&post=5008"}],"curies":[{"name":"wp","href":"https:\/\/api.w.org\/{rel}","templated":true}]}}