{"id":5000,"date":"2021-08-17T18:18:41","date_gmt":"2021-08-17T17:18:41","guid":{"rendered":"https:\/\/tribunadeangola.org\/?p=5000"},"modified":"2021-08-23T16:40:50","modified_gmt":"2021-08-23T15:40:50","slug":"unita-o-espelho-da-desgraca","status":"publish","type":"post","link":"https:\/\/tribunadeangola.org\/?p=5000","title":{"rendered":"UNITA &#8211; o espelho da desgra\u00e7a"},"content":{"rendered":"\n<p class=\"has-drop-cap\">Numa mesa virada para o rio douro, em repasto op\u00edparo a convite do meu grande amigo Valentim, do Cubal, tivemos a agrad\u00e1vel companhia do senhor embaixador da Arg\u00e9lia em Portugal, Abdelmadjid Naamoune.&nbsp;<\/p>\n\n\n\n<p>Homem atento a \u00c1frica, conhecedor de meandros diplom\u00e1ticos, com grande experi\u00eancia, conhece perfeitamente os meandros dos pa\u00edses lus\u00f3fonos e suas debilidades.<\/p>\n\n\n\n<p>Sobre a realidade angolana, partilhou a ideia convergente de que h\u00e1 muito ru\u00eddo impertinente que vai causando, em termos de credibilidade internacional, danos avultados \u00e0 economia angolana.<\/p>\n\n\n\n<p>A UNITA est\u00e1 sem rumo obcecada com a pressa de conquistar o Poder, espelha-se nela uma organiza\u00e7\u00e3o an\u00e1rquica e perigosa, com a raz\u00e3o dilu\u00edda em intervenientes que encontraram nessa partilha uma forma de rentabilidade e notoriedade, lan\u00e7ando o pa\u00eds numa anarquia permanente e insuport\u00e1vel.<\/p>\n\n\n\n<p>O sil\u00eancio do Governo, do Presidente e das institui\u00e7\u00f5es de intelig\u00eancia e defesa, causa p\u00e2nico a quem desafia perenemente o Estado de Direito, os descontentes e discordantes s\u00e3o perseguidos, lan\u00e7am-se atoardas processuais, vulnerabilizam o Estado, e tentam reinar nos escombros, sem rumo, sem direc\u00e7\u00e3o, tentando emergir do p\u00e2ntano o monstro que desenham no quotidiano.<\/p>\n\n\n\n<p>De onde vem tanto dinheiro para tanto carnaval? A quem interessa esta instabilidade que tem como m\u00fasica de fundo, racismo, tribalismo e ced\u00eancias a malfeitores e exploradores travestidos de religiosos e nacionalistas? Quanto a UNITA e ACJ j\u00e1 receberam dos &#8220;marimbondos&#8221;? Quem explora os diamantes no Bi\u00e9 e Cuando Cubango, onde est\u00e3o estacionados Unimogs do Galo Negro?<\/p>\n\n\n\n<p>ACJ e os seus sequazes lan\u00e7am desafios a Jo\u00e3o Louren\u00e7o, querem legitimidade j\u00e1 que internacionalmente somam negas amontoadas, o sonho provoca o del\u00edrio e a ilus\u00e3o, e os suspiros nervosos arrastam aglomerados para o abismo.<\/p>\n\n\n\n<p>As grilhetas est\u00e3o erguidas, as sentinelas est\u00e3o em ac\u00e7\u00e3o, a mobiliza\u00e7\u00e3o n\u00e3o olha a meios, o passado nada ensinou, e por muito menos, noutras latitudes e longitudes, j\u00e1 se fez muito mais.<\/p>\n\n\n\n<p>Senti durante o almo\u00e7o, no convidado de honra, sinais de preocupa\u00e7\u00e3o de uma \u00c1frica expectante, com o resto mundo desligado com a preocupa\u00e7\u00e3o Pand\u00e9mica, como consequ\u00eancia tivemos o triunfo dos fundamentalistas isl\u00e2micos no Afeganist\u00e3o, esperemos que o aventureirismo em Angola n\u00e3o coloque, uma vez mais, os angolanos na rota da desgra\u00e7a.<\/p>\n","protected":false},"excerpt":{"rendered":"<p>Numa mesa virada para o rio douro, em repasto op\u00edparo a convite do meu grande amigo Valentim, do Cubal, tivemos a agrad\u00e1vel companhia do senhor embaixador da Arg\u00e9lia em Portugal, Abdelmadjid Naamoune.&nbsp; Homem atento a \u00c1frica, conhecedor de meandros diplom\u00e1ticos, com grande experi\u00eancia, conhece perfeitamente os meandros dos pa\u00edses lus\u00f3fonos e suas debilidades. Sobre a [&hellip;]<\/p>\n","protected":false},"author":5,"featured_media":5002,"comment_status":"open","ping_status":"open","sticky":false,"template":"","format":"standard","meta":{"inline_featured_image":false,"footnotes":""},"categories":[105,21],"tags":[981,491,162,822,24,292,475,25],"class_list":["post-5000","post","type-post","status-publish","format-standard","has-post-thumbnail","hentry","category-noticias","category-opiniao","tag-abdelmadjid-naamoune","tag-acj","tag-africa","tag-fundamentalismo-islamico","tag-galo-negro","tag-marimbondos","tag-poder","tag-unita"],"_links":{"self":[{"href":"https:\/\/tribunadeangola.org\/index.php?rest_route=\/wp\/v2\/posts\/5000","targetHints":{"allow":["GET"]}}],"collection":[{"href":"https:\/\/tribunadeangola.org\/index.php?rest_route=\/wp\/v2\/posts"}],"about":[{"href":"https:\/\/tribunadeangola.org\/index.php?rest_route=\/wp\/v2\/types\/post"}],"author":[{"embeddable":true,"href":"https:\/\/tribunadeangola.org\/index.php?rest_route=\/wp\/v2\/users\/5"}],"replies":[{"embeddable":true,"href":"https:\/\/tribunadeangola.org\/index.php?rest_route=%2Fwp%2Fv2%2Fcomments&post=5000"}],"version-history":[{"count":1,"href":"https:\/\/tribunadeangola.org\/index.php?rest_route=\/wp\/v2\/posts\/5000\/revisions"}],"predecessor-version":[{"id":5001,"href":"https:\/\/tribunadeangola.org\/index.php?rest_route=\/wp\/v2\/posts\/5000\/revisions\/5001"}],"wp:featuredmedia":[{"embeddable":true,"href":"https:\/\/tribunadeangola.org\/index.php?rest_route=\/wp\/v2\/media\/5002"}],"wp:attachment":[{"href":"https:\/\/tribunadeangola.org\/index.php?rest_route=%2Fwp%2Fv2%2Fmedia&parent=5000"}],"wp:term":[{"taxonomy":"category","embeddable":true,"href":"https:\/\/tribunadeangola.org\/index.php?rest_route=%2Fwp%2Fv2%2Fcategories&post=5000"},{"taxonomy":"post_tag","embeddable":true,"href":"https:\/\/tribunadeangola.org\/index.php?rest_route=%2Fwp%2Fv2%2Ftags&post=5000"}],"curies":[{"name":"wp","href":"https:\/\/api.w.org\/{rel}","templated":true}]}}