{"id":4981,"date":"2021-08-16T09:37:19","date_gmt":"2021-08-16T08:37:19","guid":{"rendered":"https:\/\/tribunadeangola.org\/?p=4981"},"modified":"2021-08-19T15:16:56","modified_gmt":"2021-08-19T14:16:56","slug":"ary-prepara-lancamento-de-novo-album-de-musica-com-raiz-tradicional","status":"publish","type":"post","link":"https:\/\/tribunadeangola.org\/?p=4981","title":{"rendered":"Ary prepara lan\u00e7amento de novo \u00e1lbum de m\u00fasica com raiz tradicional"},"content":{"rendered":"\n<p class=\"has-drop-cap\">A cantora Ary (Ariovalda Eul\u00e1lia Gabriel), de 35 anos, a segunda mais premiada em Angola, deu uma entrevista \u00e0 ag\u00eancia Angop onde defende a necessidade de o Governo \u201cabrir as portas\u201d para os m\u00fasicos angolanos regressarem ao trabalho e ao contacto com o seu p\u00fablico, ap\u00f3s mais de um ano a viverem sob \u201cr\u00e9dea curta\u201d, face \u00e0s medidas sanit\u00e1rias impostas para travar a pandemia da Covid-19.<\/p>\n\n\n\n<p>A carism\u00e1tica artista que aposta nos estilos musical Kizomba e Semba, embora tenha uma paix\u00e3o pelo R&amp;B Soul, acredita que j\u00e1 ter\u00e1 chegado o momento de o Governo deixar os artistas trabalharem, mas sempre seguindo as medidas de biosseguran\u00e7a. Ary confessa que nos \u00faltimos tempos tem feito \u2018lives\u2019 nas redes sociais para manter o contacto com os seus f\u00e3s e que cantar ao vivo se limita a atua\u00e7\u00f5es em restaurantes. Mas pede mais: \u201cO justo \u00e9 abrirem as portas para os fazedores de cultura trabalharem, mas seguindo sempre as medidas de biosseguran\u00e7a\u201d.<\/p>\n\n\n\n<p>A can\u00e7onetista que despertou para a fama e se tornou famosa quando, em 2002, foi concorrente do concurso de talentos Chuva das Estrelas, assume nunca lhe ter passado pela cabe\u00e7a que chegaria t\u00e3o longe no mundo da can\u00e7\u00e3o angolana, em especial depois de ter ficado pelo caminho na competi\u00e7\u00e3o, e de nem sequer ter sido uma das tr\u00eas finalistas.<\/p>\n\n\n\n<p>Amada por multid\u00f5es, criticada pela sua extrovers\u00e3o por outra camada vasta da sociedade angolana, Ary brinca com o embate das cr\u00edticas: \u201cNo princ\u00edpio as cr\u00edticas fizeram muita confus\u00e3o. Eram muitas, por causa da minha maneira extrovertida de ser, mas, felizmente, as pessoas foram vencidas pelo cansa\u00e7o (risos) ficaram cansadas de criticar, porque deram que por mais fama que tenha n\u00e3o consigo mudar. As pessoas foram obrigadas a aceitar-me como sou. E hoje n\u00e3o querem outra coisa\u201d, brinca.<\/p>\n\n\n\n<p><strong>Aposta na \u201cancestralidade\u201d<\/strong><\/p>\n\n\n\n<p>Tratada carinhosamente como \u201cDiva do Povo\u201d, assume ter ganho o t\u00edtulo e o estatuto com \u201cum trabalho muito bem feito e pelo facto de tocar o cora\u00e7\u00e3o das pessoas\u201d. E porqu\u00ea? \u201cNasci para isto. A m\u00fasica corre-me nas veias e n\u00e3o existe nada melhor do que trabalhar por amor e com amor\u201d, remata.<\/p>\n\n\n\n<p>Com um novo \u00e1lbum preparado para ser lan\u00e7ado, a cantora garante que s\u00f3 falta perceber qual ser\u00e1 a melhor data para o seu lan\u00e7amento de um trabalho que, tal como os anteriores, foi buscar seiva \u00e0 ancestralidade da m\u00fasica tradicional. \u201cSou o que sou hoje por que bebi e bebo, at\u00e9 hoje, muito da nossa ancestralidade. H\u00e1 um ditado que diz que na boca de um mais velho podem faltar dentes, mas n\u00e3o faltam bons conselhos\u201d.<\/p>\n","protected":false},"excerpt":{"rendered":"<p>A cantora Ary (Ariovalda Eul\u00e1lia Gabriel), de 35 anos, a segunda mais premiada em Angola, deu uma entrevista \u00e0 ag\u00eancia Angop onde defende a necessidade de o Governo \u201cabrir as portas\u201d para os m\u00fasicos angolanos regressarem ao trabalho e ao contacto com o seu p\u00fablico, ap\u00f3s mais de um ano a viverem sob \u201cr\u00e9dea curta\u201d, [&hellip;]<\/p>\n","protected":false},"author":1,"featured_media":4983,"comment_status":"open","ping_status":"open","sticky":false,"template":"","format":"standard","meta":{"inline_featured_image":false,"footnotes":""},"categories":[106],"tags":[370,960,110,821,36,347,700],"class_list":["post-4981","post","type-post","status-publish","format-standard","has-post-thumbnail","hentry","category-koollife","tag-artista","tag-ary","tag-covid-19","tag-kizomba","tag-musica","tag-redes-sociais","tag-semba"],"_links":{"self":[{"href":"https:\/\/tribunadeangola.org\/index.php?rest_route=\/wp\/v2\/posts\/4981","targetHints":{"allow":["GET"]}}],"collection":[{"href":"https:\/\/tribunadeangola.org\/index.php?rest_route=\/wp\/v2\/posts"}],"about":[{"href":"https:\/\/tribunadeangola.org\/index.php?rest_route=\/wp\/v2\/types\/post"}],"author":[{"embeddable":true,"href":"https:\/\/tribunadeangola.org\/index.php?rest_route=\/wp\/v2\/users\/1"}],"replies":[{"embeddable":true,"href":"https:\/\/tribunadeangola.org\/index.php?rest_route=%2Fwp%2Fv2%2Fcomments&post=4981"}],"version-history":[{"count":1,"href":"https:\/\/tribunadeangola.org\/index.php?rest_route=\/wp\/v2\/posts\/4981\/revisions"}],"predecessor-version":[{"id":4982,"href":"https:\/\/tribunadeangola.org\/index.php?rest_route=\/wp\/v2\/posts\/4981\/revisions\/4982"}],"wp:featuredmedia":[{"embeddable":true,"href":"https:\/\/tribunadeangola.org\/index.php?rest_route=\/wp\/v2\/media\/4983"}],"wp:attachment":[{"href":"https:\/\/tribunadeangola.org\/index.php?rest_route=%2Fwp%2Fv2%2Fmedia&parent=4981"}],"wp:term":[{"taxonomy":"category","embeddable":true,"href":"https:\/\/tribunadeangola.org\/index.php?rest_route=%2Fwp%2Fv2%2Fcategories&post=4981"},{"taxonomy":"post_tag","embeddable":true,"href":"https:\/\/tribunadeangola.org\/index.php?rest_route=%2Fwp%2Fv2%2Ftags&post=4981"}],"curies":[{"name":"wp","href":"https:\/\/api.w.org\/{rel}","templated":true}]}}