{"id":4917,"date":"2021-08-02T10:09:58","date_gmt":"2021-08-02T09:09:58","guid":{"rendered":"https:\/\/tribunadeangola.org\/?p=4917"},"modified":"2021-08-05T17:54:29","modified_gmt":"2021-08-05T16:54:29","slug":"uniao-negra-das-artes-nasce-em-portugal-para-defender-os-interesses-dos-artistas-negros","status":"publish","type":"post","link":"https:\/\/tribunadeangola.org\/?p=4917","title":{"rendered":"Uni\u00e3o Negra das Artes nasce em Portugal para defender os interesses dos artistas negros"},"content":{"rendered":"\n<p class=\"has-drop-cap\">Acabou de ser criada em Lisboa, Portugal, a Uni\u00e3o Negra das Artes (UNA), uma organiza\u00e7\u00e3o n\u00e3o-governamental que pretende, segundos os seus mentores, agregar \u201cuma comunidade negra livre das amarras de um sistema racista e opressor, \u00e9 a uni\u00e3o, atrav\u00e9s de organiza\u00e7\u00f5es que possam constituir um elemento de press\u00e3o junto das entidades pol\u00edticas e sociais. E que sirva sobretudo de rede de apoio ao desenvolvimento, crescimento e sucesso dos seus membros.\u201d<\/p>\n\n\n\n<p>A nova organiza\u00e7\u00e3o surge \u201cap\u00f3s v\u00e1rias manifesta\u00e7\u00f5es e debates em torno da reivindica\u00e7\u00e3o dos direitos humanos\u201d e \u201cno seio da luta antirracista em Portugal e na sequ\u00eancia das diversas manifesta\u00e7\u00f5es e debates recentes em torno da reivindica\u00e7\u00e3o de direitos humanos, da descoloniza\u00e7\u00e3o do conhecimento e da valoriza\u00e7\u00e3o do legado art\u00edstico-cultural protagonizado por pessoas negras\u201d.<\/p>\n\n\n\n<p>Segundo o comunicado enviado pelos fundadores, estes est\u00e3o \u201cfelizes por constituir esta associa\u00e7\u00e3o, que visa defender os interesses espec\u00edficos da negritude no setor cultural, tendo em conta as continuidades hist\u00f3ricas do racismo colonial que, at\u00e9 hoje, mant\u00e9m assimetrias profundas que dificultam a cria\u00e7\u00e3o, a frui\u00e7\u00e3o, o acesso, a produ\u00e7\u00e3o, a programa\u00e7\u00e3o e, consequentemente, a representatividade negra no setor art\u00edstico em Portugal\u201d.<\/p>\n\n\n\n<p><strong>MEMBROS DE V\u00c1RIOS QUADRANTES<\/strong><\/p>\n\n\n\n<p>A UNA foi constitu\u00edda por 35 membros da comunidade art\u00edstica negra radicada em Portugal, como o performer e cineasta angolano Lubanzadyo Mpemba, as atrizes e apresentadoras televisivas Ana Sofia Martins e Cl\u00e1udia Semedo, a atriz Cleo Tavares, a performer Melissa Rodrigues, o artista transdisciplinar Welket Bungu\u00e9, a produtora e agente cultural Ana Tica, a ilustradora e mediadora educativa Andreia Coutinho, a artista Carla Costa Gomes, a escritora e ativista Gisela Casimiro e a fot\u00f3grafa Marta Machado, entre muitos outros.<\/p>\n","protected":false},"excerpt":{"rendered":"<p>Acabou de ser criada em Lisboa, Portugal, a Uni\u00e3o Negra das Artes (UNA), uma organiza\u00e7\u00e3o n\u00e3o-governamental que pretende, segundos os seus mentores, agregar \u201cuma comunidade negra livre das amarras de um sistema racista e opressor, \u00e9 a uni\u00e3o, atrav\u00e9s de organiza\u00e7\u00f5es que possam constituir um elemento de press\u00e3o junto das entidades pol\u00edticas e sociais. E [&hellip;]<\/p>\n","protected":false},"author":1,"featured_media":4918,"comment_status":"open","ping_status":"open","sticky":false,"template":"","format":"standard","meta":{"inline_featured_image":false,"footnotes":""},"categories":[106],"tags":[596,901,896,899,285,897,898,900,895,894],"class_list":["post-4917","post","type-post","status-publish","format-standard","has-post-thumbnail","hentry","category-koollife","tag-artistas","tag-associacao","tag-comunidade-negra","tag-descolonizacao","tag-direitos-humanos","tag-negritude","tag-racista","tag-setor-cultural","tag-una","tag-uniao-negra-das-artes"],"_links":{"self":[{"href":"https:\/\/tribunadeangola.org\/index.php?rest_route=\/wp\/v2\/posts\/4917","targetHints":{"allow":["GET"]}}],"collection":[{"href":"https:\/\/tribunadeangola.org\/index.php?rest_route=\/wp\/v2\/posts"}],"about":[{"href":"https:\/\/tribunadeangola.org\/index.php?rest_route=\/wp\/v2\/types\/post"}],"author":[{"embeddable":true,"href":"https:\/\/tribunadeangola.org\/index.php?rest_route=\/wp\/v2\/users\/1"}],"replies":[{"embeddable":true,"href":"https:\/\/tribunadeangola.org\/index.php?rest_route=%2Fwp%2Fv2%2Fcomments&post=4917"}],"version-history":[{"count":1,"href":"https:\/\/tribunadeangola.org\/index.php?rest_route=\/wp\/v2\/posts\/4917\/revisions"}],"predecessor-version":[{"id":4919,"href":"https:\/\/tribunadeangola.org\/index.php?rest_route=\/wp\/v2\/posts\/4917\/revisions\/4919"}],"wp:featuredmedia":[{"embeddable":true,"href":"https:\/\/tribunadeangola.org\/index.php?rest_route=\/wp\/v2\/media\/4918"}],"wp:attachment":[{"href":"https:\/\/tribunadeangola.org\/index.php?rest_route=%2Fwp%2Fv2%2Fmedia&parent=4917"}],"wp:term":[{"taxonomy":"category","embeddable":true,"href":"https:\/\/tribunadeangola.org\/index.php?rest_route=%2Fwp%2Fv2%2Fcategories&post=4917"},{"taxonomy":"post_tag","embeddable":true,"href":"https:\/\/tribunadeangola.org\/index.php?rest_route=%2Fwp%2Fv2%2Ftags&post=4917"}],"curies":[{"name":"wp","href":"https:\/\/api.w.org\/{rel}","templated":true}]}}