{"id":4849,"date":"2021-07-15T17:49:11","date_gmt":"2021-07-15T16:49:11","guid":{"rendered":"https:\/\/tribunadeangola.org\/?p=4849"},"modified":"2021-07-21T18:10:16","modified_gmt":"2021-07-21T17:10:16","slug":"unita-e-o-destino","status":"publish","type":"post","link":"https:\/\/tribunadeangola.org\/?p=4849","title":{"rendered":"UNITA e o destino"},"content":{"rendered":"\n<p class=\"has-drop-cap\">H\u00e1 uma multid\u00e3o acantonada na inconsci\u00eancia colectiva assente no orgulho tribalista e racista alicer\u00e7ada numa vontade indom\u00e1vel de tomar o Poder pela for\u00e7a, nessa din\u00e2mica cabe tudo numa l\u00f3gica de clandestinidade e mentira, afinal a verdadeira lideran\u00e7a do Galo Negro nunca mudou e a doutrina foi e \u00e9 a tomada do Governo ca\u00eddo na rua pela m\u00e3o dos alienados.<\/p>\n\n\n\n<p>A t\u00e1ctica do disfarce est\u00e1 em movimento, o l\u00edder ACJ dependente da satisfa\u00e7\u00e3o do seu narcisismo, \u00e9 o \u00edcone da propaganda perigosa, ensaia com fotos na Alemanha em escrit\u00f3rios de empres\u00e1rios e sindicalistas, em &#8220;guichets&#8221; de imigra\u00e7\u00e3o, e posta como contactos diplom\u00e1ticos enquanto&nbsp;soma-se a contrainforma\u00e7\u00e3o apregoando divisionismo nas For\u00e7as Armadas, Pol\u00edcias e Servi\u00e7os de Seguran\u00e7a e Intelig\u00eancia, isto para esconder a face verdadeira da estrat\u00e9gia, ou seja, viajar \u00e0 Europa em busca dos Fundos dos &#8220;marimbondos&#8221; e deixar em Luanda, Benguela, Huambo, Malange e Cabinda uma ac\u00e7\u00e3o de mobiliza\u00e7\u00e3o de rua para ser acionada&nbsp;em qualquer altura.<\/p>\n\n\n\n<p>Este tratamento de menoridade ao Povo angolano&nbsp;\u00e9 ef\u00e9mero, da\u00ed a urg\u00eancia, a fragmenta\u00e7\u00e3o da UNITA acelera-se, as mesmas redes sociais digitais que veiculam a mentira fazem-se a par da verdade, e ACJ viajou no preciso momento em que l\u00edderes da CPLP estar\u00e3o em Luanda e estar\u00e3o todos com Jo\u00e3o Louren\u00e7o, jogando o l\u00edder do Galo Negro para as calendas gregas, subalternizando-o na escala diplom\u00e1tica.<\/p>\n\n\n\n<p>Basta olhar para os c\u00famplices e para o direct\u00f3rio para adivinhar as inten\u00e7\u00f5es da UNITA, a constante incita\u00e7\u00e3o ao conflito, a verborreia dos maestros de rua, a desloca\u00e7\u00e3o di\u00e1ria de gente da prov\u00edncia para a capital (agravando a quest\u00e3o demogr\u00e1fica e engrossando o descontentamento), e a constitui\u00e7\u00e3o de hierarquias (normalmente bem falantes), para concluir os objectivos.<\/p>\n\n\n\n<p>Ontem mesmo, em Bruxelas, instado por um jornalista, o ministro dos neg\u00f3cios estrangeiros da Alemanha respondia desconhecer a visita de ACJ ao seu pa\u00eds, o mesmo passar-se-\u00e1 em Londres onde o Neto, representante da UNITA em Inglaterra, n\u00e3o conseguiu agendar nada a n\u00edvel governamental, em Paris onde o delegado \u00e9 Alel\u00faia, filho de Savimbi, contr\u00e1rio a ACJ, apenas tem agendada uma reuni\u00e3o com uma associa\u00e7\u00e3o (Fran\u00e7a-Angola), liderada por um jornalista aposentado, ex-agente secreto franc\u00eas, a quem Jonas Savimbi presenteou&nbsp;com uma m\u00e3o cheia de diamantes.<\/p>\n\n\n\n<p>A comitiva&nbsp;de ACJ \u00e9 extensa e separada mesmo na viagem, no regresso cada um leva um pacote de dinheiro, e na estadia, cada um transfere uma determinada import\u00e2ncia para uma conta nas Ilhas Maur\u00edcias. H\u00e1 um &#8220;handicap&#8221; de ACJ que eu desconhecia, estranho para um aluno que frequentou o ensino universit\u00e1rio&nbsp;em Portugal; ele n\u00e3o fala nem ingl\u00eas nem franc\u00eas, muito menos&nbsp;alem\u00e3o.<\/p>\n\n\n\n<p>\u00c9 uma vacuidade ambulante&#8230;!!!<\/p>\n","protected":false},"excerpt":{"rendered":"<p>H\u00e1 uma multid\u00e3o acantonada na inconsci\u00eancia colectiva assente no orgulho tribalista e racista alicer\u00e7ada numa vontade indom\u00e1vel de tomar o Poder pela for\u00e7a, nessa din\u00e2mica cabe tudo numa l\u00f3gica de clandestinidade e mentira, afinal a verdadeira lideran\u00e7a do Galo Negro nunca mudou e a doutrina foi e \u00e9 a tomada do Governo ca\u00eddo na rua [&hellip;]<\/p>\n","protected":false},"author":5,"featured_media":4862,"comment_status":"open","ping_status":"open","sticky":false,"template":"","format":"standard","meta":{"inline_featured_image":false,"footnotes":""},"categories":[105,21],"tags":[491,24,292,475,25],"class_list":["post-4849","post","type-post","status-publish","format-standard","has-post-thumbnail","hentry","category-noticias","category-opiniao","tag-acj","tag-galo-negro","tag-marimbondos","tag-poder","tag-unita"],"_links":{"self":[{"href":"https:\/\/tribunadeangola.org\/index.php?rest_route=\/wp\/v2\/posts\/4849","targetHints":{"allow":["GET"]}}],"collection":[{"href":"https:\/\/tribunadeangola.org\/index.php?rest_route=\/wp\/v2\/posts"}],"about":[{"href":"https:\/\/tribunadeangola.org\/index.php?rest_route=\/wp\/v2\/types\/post"}],"author":[{"embeddable":true,"href":"https:\/\/tribunadeangola.org\/index.php?rest_route=\/wp\/v2\/users\/5"}],"replies":[{"embeddable":true,"href":"https:\/\/tribunadeangola.org\/index.php?rest_route=%2Fwp%2Fv2%2Fcomments&post=4849"}],"version-history":[{"count":3,"href":"https:\/\/tribunadeangola.org\/index.php?rest_route=\/wp\/v2\/posts\/4849\/revisions"}],"predecessor-version":[{"id":4854,"href":"https:\/\/tribunadeangola.org\/index.php?rest_route=\/wp\/v2\/posts\/4849\/revisions\/4854"}],"wp:featuredmedia":[{"embeddable":true,"href":"https:\/\/tribunadeangola.org\/index.php?rest_route=\/wp\/v2\/media\/4862"}],"wp:attachment":[{"href":"https:\/\/tribunadeangola.org\/index.php?rest_route=%2Fwp%2Fv2%2Fmedia&parent=4849"}],"wp:term":[{"taxonomy":"category","embeddable":true,"href":"https:\/\/tribunadeangola.org\/index.php?rest_route=%2Fwp%2Fv2%2Fcategories&post=4849"},{"taxonomy":"post_tag","embeddable":true,"href":"https:\/\/tribunadeangola.org\/index.php?rest_route=%2Fwp%2Fv2%2Ftags&post=4849"}],"curies":[{"name":"wp","href":"https:\/\/api.w.org\/{rel}","templated":true}]}}