{"id":4791,"date":"2021-07-02T09:28:54","date_gmt":"2021-07-02T08:28:54","guid":{"rendered":"https:\/\/tribunadeangola.org\/?p=4791"},"modified":"2021-07-08T16:31:20","modified_gmt":"2021-07-08T15:31:20","slug":"angola-apoia-sadc-no-combate-ao-terrorismo","status":"publish","type":"post","link":"https:\/\/tribunadeangola.org\/?p=4791","title":{"rendered":"Angola apoia SADC no combate ao terrorismo"},"content":{"rendered":"\n<p class=\"has-drop-cap\">Angola est\u00e1 empenhada em ajudar o seu pa\u00eds irm\u00e3o Mo\u00e7ambique no combate ao terrorismo. Actualmente, a SADC (Comunidade de Desenvolvimento da \u00c1frica Austral), ser\u00e1 a organiza\u00e7\u00e3o central do combate ao terrorismo na prov\u00edncia de Cabo Delgado, regi\u00e3o do nordeste de Mo\u00e7ambique, rica em petr\u00f3leo, g\u00e1s, madeira e rubis.<\/p>\n\n\n\n<p>O Secret\u00e1rio de Estado do Interior, Jos\u00e9 Bamoquina Zau, afirmou que Angola vai juntar-se aos esfor\u00e7os da SADC no combate ao terrorismo em Cabo Delgado, atrav\u00e9s do envio de meios &nbsp;no \u00e2mbito da For\u00e7a de Alerta da organiza\u00e7\u00e3o, como ficou estipulado na Cimeira Extraordin\u00e1ria da Organiza\u00e7\u00e3o regional que ocorreu em Maputo. O Secret\u00e1rio, chefe da delega\u00e7\u00e3o angolana que preparou a cimeira, salientou que este assunto ainda vai requerer um certo trabalho a n\u00edvel t\u00e9cnico, devido a quest\u00f5es de planeamento e log\u00edstica.<\/p>\n\n\n\n<p>De qualquer forma, em termos gen\u00e9ricos, ficou acordado que Mo\u00e7ambique ir\u00e1 receber for\u00e7as especiais dos pa\u00edses da SADC, e eventualmente aceitar\u00e1 mais for\u00e7as vindas da designada Brigada de Reserva da Comunidade, para combater as for\u00e7as terroristas isl\u00e2micas que se encontram em territ\u00f3rio mo\u00e7ambicano.<\/p>\n\n\n\n<p>Deve-se contudo sublinhar que a situa\u00e7\u00e3o, apesar de ter melhorado um pouco nas \u00faltimas semanas, continua grave. A vila de Palma, que foi cen\u00e1rio dos principais derramamentos de sangue de v\u00edtimas inocentes, embora esteja controlada pelas for\u00e7as governamentais mo\u00e7ambicanas, est\u00e1 cercada por for\u00e7as terroristas ligadas ao DAESH. No m\u00e1ximo, at\u00e9 ao fim de Agosto, estas for\u00e7as especiais j\u00e1 estar\u00e3o em Mo\u00e7ambique.<\/p>\n\n\n\n<p>Os principais pa\u00edses a contribu\u00edrem para este apoio militar da SADC ser\u00e3o provenientes da \u00c1frica do Sul, Botswana, Malawi e Angola. Procurou-se tamb\u00e9m ligar esta miss\u00e3o da SADC com a Uni\u00e3o Africana (UA), porque Mo\u00e7ambique visa ter tamb\u00e9m apoio de assessoria militar por parte do Ruanda (pa\u00eds que n\u00e3o pertencente \u00e0 SADC, mas que faz parte da UA). Este apoio militar ruand\u00eas ir\u00e1 convergir com o apoio j\u00e1 existente proveniente dos Estados Unidos da Am\u00e9rica e Portugal.<\/p>\n\n\n\n<p>Relev\u00e2ncia tamb\u00e9m para a inaugura\u00e7\u00e3o na cidade de Nacala (Mo\u00e7ambique) do Centro de opera\u00e7\u00f5es Humanit\u00e1rias e de Emerg\u00eancia da SADC (COHE). Segundo o chefe de Estado mo\u00e7ambicano Filipe Nyusi e tamb\u00e9m presidente em exerc\u00edcio da SADC, \u201ca iniciativa visa fazer face aos impactos decorrentes das mudan\u00e7as clim\u00e1ticas e outras emerg\u00eancias associadas que requerem uma interven\u00e7\u00e3o r\u00e1pida, coordenada e atempada em qualquer Estado-membro da SADC&#8221;.<\/p>\n\n\n\n<p>Presentemente, o conflito armado em Cabo Delgado j\u00e1 desencadeou mais de 732.00 refugiados internos e cerca de 2.800 mortos, segundo dados concedidos pela Organiza\u00e7\u00e3o das Na\u00e7\u00f5es Unidas. A escalada de viol\u00eancia levou inclusive a petrol\u00edfera TotalEnergies a suspender os trabalhos de prepara\u00e7\u00e3o para a explora\u00e7\u00e3o de g\u00e1s natural na regi\u00e3o, recurso que o pa\u00eds depende grandemente para aumentar as suas receitas e relan\u00e7ar a economia.<\/p>\n\n\n\n<p>Para todos os efeitos, Mo\u00e7ambique entra numa nova fase em que o fundamental agora \u00e9 o seu desenvolvimento social e humanit\u00e1rio.<\/p>\n","protected":false},"excerpt":{"rendered":"<p>Angola est\u00e1 empenhada em ajudar o seu pa\u00eds irm\u00e3o Mo\u00e7ambique no combate ao terrorismo. Actualmente, a SADC (Comunidade de Desenvolvimento da \u00c1frica Austral), ser\u00e1 a organiza\u00e7\u00e3o central do combate ao terrorismo na prov\u00edncia de Cabo Delgado, regi\u00e3o do nordeste de Mo\u00e7ambique, rica em petr\u00f3leo, g\u00e1s, madeira e rubis. O Secret\u00e1rio de Estado do Interior, Jos\u00e9 [&hellip;]<\/p>\n","protected":false},"author":1,"featured_media":4792,"comment_status":"open","ping_status":"open","sticky":false,"template":"","format":"standard","meta":{"inline_featured_image":false,"footnotes":""},"categories":[105,21],"tags":[89,748,753,754,749,752,751,745,356,747,744,619,750,755,746],"class_list":["post-4791","post","type-post","status-publish","format-standard","has-post-thumbnail","hentry","category-noticias","category-opiniao","tag-angola","tag-cabo-delgado","tag-cohe","tag-combate-ao-terrorismo","tag-conflito-armado","tag-filipe-nyusi","tag-forcas-militares","tag-jose-bamoquina-zau","tag-mocambique","tag-nacala","tag-palma","tag-sadc","tag-terrorismo","tag-totalenergies","tag-ua"],"_links":{"self":[{"href":"https:\/\/tribunadeangola.org\/index.php?rest_route=\/wp\/v2\/posts\/4791","targetHints":{"allow":["GET"]}}],"collection":[{"href":"https:\/\/tribunadeangola.org\/index.php?rest_route=\/wp\/v2\/posts"}],"about":[{"href":"https:\/\/tribunadeangola.org\/index.php?rest_route=\/wp\/v2\/types\/post"}],"author":[{"embeddable":true,"href":"https:\/\/tribunadeangola.org\/index.php?rest_route=\/wp\/v2\/users\/1"}],"replies":[{"embeddable":true,"href":"https:\/\/tribunadeangola.org\/index.php?rest_route=%2Fwp%2Fv2%2Fcomments&post=4791"}],"version-history":[{"count":1,"href":"https:\/\/tribunadeangola.org\/index.php?rest_route=\/wp\/v2\/posts\/4791\/revisions"}],"predecessor-version":[{"id":4793,"href":"https:\/\/tribunadeangola.org\/index.php?rest_route=\/wp\/v2\/posts\/4791\/revisions\/4793"}],"wp:featuredmedia":[{"embeddable":true,"href":"https:\/\/tribunadeangola.org\/index.php?rest_route=\/wp\/v2\/media\/4792"}],"wp:attachment":[{"href":"https:\/\/tribunadeangola.org\/index.php?rest_route=%2Fwp%2Fv2%2Fmedia&parent=4791"}],"wp:term":[{"taxonomy":"category","embeddable":true,"href":"https:\/\/tribunadeangola.org\/index.php?rest_route=%2Fwp%2Fv2%2Fcategories&post=4791"},{"taxonomy":"post_tag","embeddable":true,"href":"https:\/\/tribunadeangola.org\/index.php?rest_route=%2Fwp%2Fv2%2Ftags&post=4791"}],"curies":[{"name":"wp","href":"https:\/\/api.w.org\/{rel}","templated":true}]}}