{"id":4786,"date":"2021-07-01T21:26:05","date_gmt":"2021-07-01T20:26:05","guid":{"rendered":"https:\/\/tribunadeangola.org\/?p=4786"},"modified":"2021-07-08T16:31:13","modified_gmt":"2021-07-08T15:31:13","slug":"acj-o-saltimbanco","status":"publish","type":"post","link":"https:\/\/tribunadeangola.org\/?p=4786","title":{"rendered":"ACJ &#8211; O Saltimbanco"},"content":{"rendered":"\n<p class=\"has-drop-cap\">Intelectualmente vazio, politicamente oco, papagaio bem falante, arrog\u00e2ncia dos ignorantes, c\u00e3o que n\u00e3o conhece o dono, imprevis\u00edvel no gesto, d\u00e9bil na palavra, ign\u00f3bil na postura, vulner\u00e1vel no estatuto.<\/p>\n\n\n\n<p>Seguro por aflitos derrotados em busca de salva\u00e7\u00e3o, estaciona na conveni\u00eancia mesmo transgredindo as mais elementares regras, dependendo da generosidade conveniente de quem ontem era inimigo que se metamorfoseou em aliado de oportunidade, tentando colmatar limita\u00e7\u00f5es materiais e pol\u00edticas, diante da mais hedionda e absoluta irrelev\u00e2ncia no plano da envergadura de homem e pol\u00edtico. N\u00e3o se conhece em ACJ nenhum contacto relevante ou parceria internacional, o seu isolamento seria catastr\u00f3fico para Angola numa altura em que \u00edndices econ\u00f3micos e de investimento v\u00e3o emergindo no horizonte da actualidade, bem como autossufici\u00eancia em produtos importantes de origem agro-pecu\u00e1ria,\u00a0como carne bovina, mandioca, banana, manga, que j\u00e1 h\u00e1 excedentes para exporta\u00e7\u00e3o.<\/p>\n\n\n\n<p>ACJ cedeu a tudo e a todos, o que aparente di\u00e1logo e um sinal claro de fragilidade, a multiplicar a ced\u00eancias internas surgem as colagens inequ\u00edvocas a agitadores de rua e das redes sociais digitais, e no discurso, d\u00fabio, repetido e cansado, pela manh\u00e3 prop\u00f5e-se concerta\u00e7\u00e3o, \u00e0 tarde arde o discurso pol\u00edtico, \u00e0 noite radicaliza-se e pede-se a queda do governo, sem uma \u00fanica proposta alternativa nem uma ideia objectiva, apenas sobram vacuidades que inevitavelmente levariam ao caos.<\/p>\n\n\n\n<p>O Galo Negro est\u00e1 prisioneiro dos v\u00edcios que mutilaram a governabilidade de Jos\u00e9 Eduardo dos Santos, concentra\u00e7\u00e3o demogr\u00e1fica em Luanda onde t\u00eam resid\u00eancia todos os assumidos herdeiros de Jonas Savimbi, contradi\u00e7\u00f5es de um Partido racista, tribalista, e que debita decib\u00e9is insurdecedores da Proclama\u00e7\u00e3o Aut\u00e1rquica parecendo a panaceia de um desiderato para o qual n\u00e3o existe uma ideia.<\/p>\n\n\n\n<p>ACJ e a UNITA receberam fundos externos de Jos\u00e9 Eduardo dos Santos e Isabel dos Santos, internamente receberam malas de dinheiro dos marimbondos; ACJ disso pronunciou-se internamente, e em Lisboa tem gente que lhe \u00e9 pr\u00f3xima (portuguesa), a negociar uma ajuda do Grupo Aga Khan, l\u00edder dos mu\u00e7ulmanos ismaelitas\u00a0dando luz verde \u00e0 constru\u00e7\u00e3o de uma mega-mesquita em Luanda uma vez chegado ao governo.<\/p>\n\n\n\n<p>O Galo Negro est\u00e1 cada vez mais prisioneiro de um somat\u00f3rio familiar, a realidade est\u00e1 a transformar-se em pesadelo, o Governo vai somando \u00eaxitos e as mensagens veiculadas pelas redes sociais digitais est\u00e3o a cansar de tanta verborreia inveros\u00edmel, falta dec\u00eancia e sentido de Estado \u00e0 Oposi\u00e7\u00e3o, o Povo est\u00e1 cansado de dificuldades mas est\u00e1 mais cansado da arrog\u00e2ncia e conflito em que a UNITA sempre mergulhou o pa\u00eds, em momentos de expectativa do Poder.<\/p>\n","protected":false},"excerpt":{"rendered":"<p>Intelectualmente vazio, politicamente oco, papagaio bem falante, arrog\u00e2ncia dos ignorantes, c\u00e3o que n\u00e3o conhece o dono, imprevis\u00edvel no gesto, d\u00e9bil na palavra, ign\u00f3bil na postura, vulner\u00e1vel no estatuto. Seguro por aflitos derrotados em busca de salva\u00e7\u00e3o, estaciona na conveni\u00eancia mesmo transgredindo as mais elementares regras, dependendo da generosidade conveniente de quem ontem era inimigo que [&hellip;]<\/p>\n","protected":false},"author":5,"featured_media":4790,"comment_status":"open","ping_status":"open","sticky":false,"template":"","format":"standard","meta":{"inline_featured_image":false,"footnotes":""},"categories":[105,21],"tags":[491,743,24,127,120,292,475,347,25],"class_list":["post-4786","post","type-post","status-publish","format-standard","has-post-thumbnail","hentry","category-noticias","category-opiniao","tag-acj","tag-aga-khan","tag-galo-negro","tag-governo","tag-jose-eduardo-dos-santos","tag-marimbondos","tag-poder","tag-redes-sociais","tag-unita"],"_links":{"self":[{"href":"https:\/\/tribunadeangola.org\/index.php?rest_route=\/wp\/v2\/posts\/4786","targetHints":{"allow":["GET"]}}],"collection":[{"href":"https:\/\/tribunadeangola.org\/index.php?rest_route=\/wp\/v2\/posts"}],"about":[{"href":"https:\/\/tribunadeangola.org\/index.php?rest_route=\/wp\/v2\/types\/post"}],"author":[{"embeddable":true,"href":"https:\/\/tribunadeangola.org\/index.php?rest_route=\/wp\/v2\/users\/5"}],"replies":[{"embeddable":true,"href":"https:\/\/tribunadeangola.org\/index.php?rest_route=%2Fwp%2Fv2%2Fcomments&post=4786"}],"version-history":[{"count":2,"href":"https:\/\/tribunadeangola.org\/index.php?rest_route=\/wp\/v2\/posts\/4786\/revisions"}],"predecessor-version":[{"id":4788,"href":"https:\/\/tribunadeangola.org\/index.php?rest_route=\/wp\/v2\/posts\/4786\/revisions\/4788"}],"wp:featuredmedia":[{"embeddable":true,"href":"https:\/\/tribunadeangola.org\/index.php?rest_route=\/wp\/v2\/media\/4790"}],"wp:attachment":[{"href":"https:\/\/tribunadeangola.org\/index.php?rest_route=%2Fwp%2Fv2%2Fmedia&parent=4786"}],"wp:term":[{"taxonomy":"category","embeddable":true,"href":"https:\/\/tribunadeangola.org\/index.php?rest_route=%2Fwp%2Fv2%2Fcategories&post=4786"},{"taxonomy":"post_tag","embeddable":true,"href":"https:\/\/tribunadeangola.org\/index.php?rest_route=%2Fwp%2Fv2%2Ftags&post=4786"}],"curies":[{"name":"wp","href":"https:\/\/api.w.org\/{rel}","templated":true}]}}