{"id":4779,"date":"2021-06-29T09:30:00","date_gmt":"2021-06-29T08:30:00","guid":{"rendered":"https:\/\/tribunadeangola.org\/?p=4779"},"modified":"2021-07-06T11:31:58","modified_gmt":"2021-07-06T10:31:58","slug":"exposicao-de-januario-jano-alerta-para-o-tema-do-roubo-do-patrimonio-africano","status":"publish","type":"post","link":"https:\/\/tribunadeangola.org\/?p=4779","title":{"rendered":"Exposi\u00e7\u00e3o de Janu\u00e1rio Jano  alerta para o tema do roubo do patrim\u00f3nio africano"},"content":{"rendered":"\n<p class=\"has-drop-cap\">O melhor da cultura angolana est\u00e1 patente na galeria Jean Claude Maier, em Francoforte, na Alemanha, at\u00e9 14 de agosto. A exposi\u00e7\u00e3o \u2018Arquivo Mestre\u2019, do artista pl\u00e1stico angolano Janu\u00e1rio Jano, \u00e9 uma mostra que conta com o apoio da Funda\u00e7\u00e3o Stiftung Kunstfonds, atrav\u00e9s do programa germ\u00e2nico NeuStart Kultur, e est\u00e1 a gerar um debate essencial para o patrim\u00f3nio art\u00edstico africano disperso pelo mundo, que se cifra em mais de 80 por cento.<\/p>\n\n\n\n<p>\u2018Arquivo Mestre\u2019 \u00e9 a primeira exposi\u00e7\u00e3o individual de Janu\u00e1rio Jano na cidade alem\u00e3 e a sequ\u00eancia de espa\u00e7os retrata a constru\u00e7\u00e3o e desconstru\u00e7\u00e3o de um arquivo, mem\u00f3ria e identidade, comunicando com o p\u00fablico atrav\u00e9s de trabalhos em t\u00eaxtil, som, v\u00eddeo, escultura e fotografia. As suas instala\u00e7\u00f5es, como \u201cMponda Invertido\u201d, s\u00e3o compostas por bolsos, tecidos, estampados, costuras, fios coloridos e outros, e consistem numa extens\u00e3o do pr\u00f3prio espa\u00e7o.<\/p>\n\n\n\n<p><strong>Recordar o colonialismo<\/strong><\/p>\n\n\n\n<p>Com m\u00faltiplos registos fotogr\u00e1ficos, os espa\u00e7os da mostra revelam marcas da viol\u00eancia colonial, recorrendo \u00e0 mem\u00f3ria das cruzes crist\u00e3s, recordando o uso da religi\u00e3o, e da f\u00e9, como bandeira do \u201ctrabalho\u201d mission\u00e1rio, que ajudou \u00e0 coloniza\u00e7\u00e3o africana, facilitou a escravatura e conduziu \u00e0 desumaniza\u00e7\u00e3o dos povos nativos.<\/p>\n\n\n\n<p>Na exposi\u00e7\u00e3o, poderemos observar a instala\u00e7\u00e3o \u201cNot Stolen Goods\u201d, que consiste na reuni\u00e3o de seis partes compostas por caixas de transporte e fotografias, com o intuito de mostrar objetos de Angola que foram delapidados e roubados durante a \u00e9poca colonial e que se encontram atualmente expostos em museus europeus e da Am\u00e9rica do Norte.<\/p>\n\n\n\n<p><strong>O debate das obras de arte<\/strong><\/p>\n\n\n\n<p>Esse tema gerou, ali\u00e1s, recentemente pol\u00e9mica em Fran\u00e7a, com o Presidente Emanuel Macron a aprovar uma lei da Rep\u00fablica francesa que obriga os museus nacionais a devolverem as pe\u00e7as de arte \u00e0 sua origem em \u00c1frica.<\/p>\n\n\n\n<p>Em Portugal, esse debate causou celeuma quando o deputado Andr\u00e9 Ventura, do partido radical de direita Chega, no \u00e2mbito do agendamento do tema no parlamento luso, afirmou que mandaria, al\u00e9m das obras de arte africana, a deputada independente eleita pelo partido Livre, Joacine Katar Moreira, para a Guin\u00e9, a sua terra natal.<\/p>\n","protected":false},"excerpt":{"rendered":"<p>O melhor da cultura angolana est\u00e1 patente na galeria Jean Claude Maier, em Francoforte, na Alemanha, at\u00e9 14 de agosto. A exposi\u00e7\u00e3o \u2018Arquivo Mestre\u2019, do artista pl\u00e1stico angolano Janu\u00e1rio Jano, \u00e9 uma mostra que conta com o apoio da Funda\u00e7\u00e3o Stiftung Kunstfonds, atrav\u00e9s do programa germ\u00e2nico NeuStart Kultur, e est\u00e1 a gerar um debate essencial [&hellip;]<\/p>\n","protected":false},"author":1,"featured_media":4782,"comment_status":"open","ping_status":"open","sticky":false,"template":"","format":"standard","meta":{"inline_featured_image":false,"footnotes":""},"categories":[106],"tags":[740,737,738,736,742,741,735,739],"class_list":["post-4779","post","type-post","status-publish","format-standard","has-post-thumbnail","hentry","category-koollife","tag-alemanha","tag-arquivo-mestre","tag-arte","tag-artista-plastico","tag-colonialismo","tag-exposicao","tag-januario-jano","tag-patrimonio"],"_links":{"self":[{"href":"https:\/\/tribunadeangola.org\/index.php?rest_route=\/wp\/v2\/posts\/4779","targetHints":{"allow":["GET"]}}],"collection":[{"href":"https:\/\/tribunadeangola.org\/index.php?rest_route=\/wp\/v2\/posts"}],"about":[{"href":"https:\/\/tribunadeangola.org\/index.php?rest_route=\/wp\/v2\/types\/post"}],"author":[{"embeddable":true,"href":"https:\/\/tribunadeangola.org\/index.php?rest_route=\/wp\/v2\/users\/1"}],"replies":[{"embeddable":true,"href":"https:\/\/tribunadeangola.org\/index.php?rest_route=%2Fwp%2Fv2%2Fcomments&post=4779"}],"version-history":[{"count":2,"href":"https:\/\/tribunadeangola.org\/index.php?rest_route=\/wp\/v2\/posts\/4779\/revisions"}],"predecessor-version":[{"id":4781,"href":"https:\/\/tribunadeangola.org\/index.php?rest_route=\/wp\/v2\/posts\/4779\/revisions\/4781"}],"wp:featuredmedia":[{"embeddable":true,"href":"https:\/\/tribunadeangola.org\/index.php?rest_route=\/wp\/v2\/media\/4782"}],"wp:attachment":[{"href":"https:\/\/tribunadeangola.org\/index.php?rest_route=%2Fwp%2Fv2%2Fmedia&parent=4779"}],"wp:term":[{"taxonomy":"category","embeddable":true,"href":"https:\/\/tribunadeangola.org\/index.php?rest_route=%2Fwp%2Fv2%2Fcategories&post=4779"},{"taxonomy":"post_tag","embeddable":true,"href":"https:\/\/tribunadeangola.org\/index.php?rest_route=%2Fwp%2Fv2%2Ftags&post=4779"}],"curies":[{"name":"wp","href":"https:\/\/api.w.org\/{rel}","templated":true}]}}