{"id":4775,"date":"2021-06-28T09:00:00","date_gmt":"2021-06-28T08:00:00","guid":{"rendered":"https:\/\/tribunadeangola.org\/?p=4775"},"modified":"2021-07-05T21:34:02","modified_gmt":"2021-07-05T20:34:02","slug":"carlao-entra-em-videoclip-que-incendeia-as-redes-sociais","status":"publish","type":"post","link":"https:\/\/tribunadeangola.org\/?p=4775","title":{"rendered":"Carl\u00e3o entra em videoclip que incendeia as redes sociais"},"content":{"rendered":"\n<p class=\"has-drop-cap\">Carlos Nobre Neves nasceu h\u00e1 quase 46 anos em Angola, mas vive em Portugal desde muito pequeno e toda a gente o conhece como Carl\u00e3o ou Pacman, dos Da Weasel, uma banda que se tornou uma refer\u00eancia na m\u00fasica hip hop portuguesa.<\/p>\n\n\n\n<p>Nos \u00faltimos tempos, o m\u00fasico luso-angolano lan\u00e7ou o descontra\u00eddo single \u2018Assobia Para o Lado\u2019, tema que deixou a maioria das crian\u00e7as a trautear a letra e a assobiar a m\u00fasica e que se tornou um sucesso com mais de 5,5 milh\u00f5es de visualiza\u00e7\u00f5es, e s\u00f3 na plataforma \u2018YouTube\u2019.<\/p>\n\n\n\n<p>Entretanto, Carl\u00e3o soma e segue em participa\u00e7\u00f5es televisivas, seja como artista convidado ou jurado em programas de sucesso com o \u2018The Voice Kids Portugal\u2019, na RTP1. A aceita\u00e7\u00e3o do cantor junto do p\u00fablico corria bem at\u00e9 que recentemente decidiu apoiar um colega e isso trouxe-lhe enormes dissabores: Carl\u00e3o marcou presen\u00e7a no videoclip dos rappers Tekilla e Papillon e o in\u00edcio da letra da can\u00e7\u00e3o incendiou as redes sociais e for\u00e7ou mesmo o m\u00fasico a pedir desculpas p\u00fablicas.<\/p>\n\n\n\n<p><strong>\u201cN\u00e3o me revejo naquilo\u201d<\/strong><\/p>\n\n\n\n<p>O bus\u00edlis da quest\u00e3o foi o in\u00edcio da can\u00e7\u00e3o \u2018Lendas\u2019 em que o autor fez uns versos que bateram de frente com o p\u00fablico e esse p\u00fablico retribuiu violentamente na internet. No tema, a parte que incendiou os \u00e2nimos foi o verso: \u201cSe tu n\u00e3o \u00e9s mongoloide, deves ter autismo \/ n\u00e3o quero saber de bandeiras, preconceito ou racismo\u2026\u201d.<\/p>\n\n\n\n<p>Como tinha participado no v\u00eddeo, embora n\u00e3o cante, Carl\u00e3o dirigiu-se a todos os que se sentiram mal com o momento. \u201cPe\u00e7o desculpa a todos os ofendidos e incomodados pelas palavras ali ditas, nomeadamente aos amigos que tenho com filhos e\/ou familiares afetados com S\u00edndroma de Down, autismo, ou qualquer doen\u00e7a f\u00edsica ou mental. Quem me conhece sabe que n\u00e3o me revejo naquilo que ali foi expresso. Quem n\u00e3o conhece, pe\u00e7o que n\u00e3o me julgue com base num epis\u00f3dio que n\u00e3o me define como pessoa\u201d, apelou.<\/p>\n\n\n\n<p><strong>A \u201cacidez\u201d da internet<\/strong><\/p>\n\n\n\n<p>Ainda em entrevista ao seman\u00e1rio \u2018Novo\u2019, Carl\u00e3o afirmou estarmos numa \u201caltura muito delicada no que diz respeito \u00e0s redes sociais, esta polariza\u00e7\u00e3o de tudo. Ou amas ou odeias, ou \u00e9 um dem\u00f3nio ou \u00e9 um deus\u201d, salientou, denunciando um lado mais negro, mas presente, das redes sociais: \u201cAs pessoas s\u00e3o precipitadas a julgar. H\u00e1 um mal-estar, uma acidez, uma vontade desmedida de executar em pra\u00e7a p\u00fablica.\u201d<\/p>\n\n\n\n<p>Sobre o epis\u00f3dio do videoclip dos m\u00fasicos amigos Tekilla e Papillon, o luso-angolano esclarece: \u201cA nossa postura em rela\u00e7\u00e3o a estes assuntos tem de ser mais construtiva, de alertar. Cresci a ouvir anedotas sexistas, machistas, racistas, homof\u00f3bicas. Hoje em dia, j\u00e1 n\u00e3o \u00e9 [assim] e ainda bem, mas h\u00e1 resqu\u00edcios disso tudo em n\u00f3s\u201d, destacou.<\/p>\n","protected":false},"excerpt":{"rendered":"<p>Carlos Nobre Neves nasceu h\u00e1 quase 46 anos em Angola, mas vive em Portugal desde muito pequeno e toda a gente o conhece como Carl\u00e3o ou Pacman, dos Da Weasel, uma banda que se tornou uma refer\u00eancia na m\u00fasica hip hop portuguesa. Nos \u00faltimos tempos, o m\u00fasico luso-angolano lan\u00e7ou o descontra\u00eddo single \u2018Assobia Para o [&hellip;]<\/p>\n","protected":false},"author":1,"featured_media":4776,"comment_status":"open","ping_status":"open","sticky":false,"template":"","format":"standard","meta":{"inline_featured_image":false,"footnotes":""},"categories":[106],"tags":[728,732,726,727,734,724,731,733,725,730,347,729],"class_list":["post-4775","post","type-post","status-publish","format-standard","has-post-thumbnail","hentry","category-koollife","tag-assobia-para-o-lado","tag-autismo","tag-carlao","tag-da-weasel","tag-doenca","tag-hip-hop","tag-lendas","tag-mongoloide","tag-pacman","tag-papillon","tag-redes-sociais","tag-tekilla"],"_links":{"self":[{"href":"https:\/\/tribunadeangola.org\/index.php?rest_route=\/wp\/v2\/posts\/4775","targetHints":{"allow":["GET"]}}],"collection":[{"href":"https:\/\/tribunadeangola.org\/index.php?rest_route=\/wp\/v2\/posts"}],"about":[{"href":"https:\/\/tribunadeangola.org\/index.php?rest_route=\/wp\/v2\/types\/post"}],"author":[{"embeddable":true,"href":"https:\/\/tribunadeangola.org\/index.php?rest_route=\/wp\/v2\/users\/1"}],"replies":[{"embeddable":true,"href":"https:\/\/tribunadeangola.org\/index.php?rest_route=%2Fwp%2Fv2%2Fcomments&post=4775"}],"version-history":[{"count":2,"href":"https:\/\/tribunadeangola.org\/index.php?rest_route=\/wp\/v2\/posts\/4775\/revisions"}],"predecessor-version":[{"id":4778,"href":"https:\/\/tribunadeangola.org\/index.php?rest_route=\/wp\/v2\/posts\/4775\/revisions\/4778"}],"wp:featuredmedia":[{"embeddable":true,"href":"https:\/\/tribunadeangola.org\/index.php?rest_route=\/wp\/v2\/media\/4776"}],"wp:attachment":[{"href":"https:\/\/tribunadeangola.org\/index.php?rest_route=%2Fwp%2Fv2%2Fmedia&parent=4775"}],"wp:term":[{"taxonomy":"category","embeddable":true,"href":"https:\/\/tribunadeangola.org\/index.php?rest_route=%2Fwp%2Fv2%2Fcategories&post=4775"},{"taxonomy":"post_tag","embeddable":true,"href":"https:\/\/tribunadeangola.org\/index.php?rest_route=%2Fwp%2Fv2%2Ftags&post=4775"}],"curies":[{"name":"wp","href":"https:\/\/api.w.org\/{rel}","templated":true}]}}