{"id":4769,"date":"2021-06-24T14:57:38","date_gmt":"2021-06-24T13:57:38","guid":{"rendered":"https:\/\/tribunadeangola.org\/?p=4769"},"modified":"2021-07-05T12:07:49","modified_gmt":"2021-07-05T11:07:49","slug":"o-galo-e-a-capoeira","status":"publish","type":"post","link":"https:\/\/tribunadeangola.org\/?p=4769","title":{"rendered":"O Galo e a Capoeira"},"content":{"rendered":"\n<p class=\"has-drop-cap\">Agitam-se as galinhas porque no \u00e2mago da quest\u00e3o est\u00e1 o sonho do poleiro, nada ao acaso, a din\u00e2mica est\u00e1 instalada, descontrolada, com efeito da rua e da arquibancada, numa arena em que a irresponsabilidade e a limita\u00e7\u00e3o de vis\u00e3o de Estado imp\u00f5em respostas adequadas para evitar males maiores.<\/p>\n\n\n\n<p>Em Lisboa est\u00e1 instalada na zona de Alvalade um &#8220;call center&#8221; dirigido por uma portuguesa e um brasileiro, onde dois angolanos&nbsp;e duas angolanas debitam mensagens meticulosamente preparadas nas redes sociais digitais, nomes fict\u00edcios e at\u00e9 erros ortogr\u00e1ficos na l\u00f3gica do &#8220;markting&#8221;&nbsp;pol\u00edtico, e \u00e9 cada vez mais claro, para os observadores, que o objectivo \u00e9 o Poder antes de elei\u00e7\u00f5es.<\/p>\n\n\n\n<p>H\u00e1 sil\u00eancios comprometedores, a ala b\u00e9lica da UNITA est\u00e1 activamente silenciosa, e Adalberto Costa J\u00fanior n\u00e3o consegue demarcar-se dos monstros que emergem do loda\u00e7al porque ele mesmo \u00e9 o criador do p\u00e2ntano.<\/p>\n\n\n\n<p>Pode um partido pol\u00edtico, l\u00edder da oposi\u00e7\u00e3o, com responsabilidades de Estado, com assento parlamentar, permitir que parceiros de rua insultem descaradamente&nbsp;o Chefe de Estado e com amea\u00e7as veladas de tomada do Poder selvaticamente? Podem as institui\u00e7\u00f5es que garantem o normal funcionamento do Estado, que cumprem e fazem cumprir a Constitui\u00e7\u00e3o da Rep\u00fablica permitir que se fragilize o Governo eleito com linguagem&nbsp;insultuosa e an\u00e1rquica que desprestigiam o Estado em todas as suas vertentes?<\/p>\n\n\n\n<p>ACJ lidera o Galo Negro com duas faces, uma mobilizadora do partido, outra mobilizadora do descontentamento p\u00fablico nesta fase de pandemia.&nbsp;<\/p>\n\n\n\n<p>Porque escondeu ele em Malange a oferta de viaturas adquiridas com os fundos dos marimbondos?&nbsp;<\/p>\n\n\n\n<p>Porque n\u00e3o se demarca como l\u00edder da UNITA das ac\u00e7\u00f5es do DAESH no norte de Mo\u00e7ambique e dos dinheiros do Qatar que financiam o expansionismo isl\u00e2mico e tem na Guin\u00e9 Bissau o seu posto avan\u00e7ado na \u00c1frica Ocidental?<\/p>\n\n\n\n<p>Vale tudo?<\/p>\n\n\n\n<p>Em pol\u00edtica gerem-se\u00a0expectativas mas devem estar atentas as\u00a0autoridades\u00a0reguladoras na gest\u00e3o dos sinais que fragilizam a normalidade, num momento em que se evidenciam melhorias econ\u00f3micas em Angola, em que se nota o esfor\u00e7o de desenvolvimento descentralizado, h\u00e1 ac\u00e7\u00f5es que contrariam e distorcem a realidade; a UNITA continua a incentivar e a mobilizar gente das prov\u00edncias para Luanda para avolumar o caos demogr\u00e1fico e inchar o descontentamento, e certos analistas como o economista Rosado de Carvalho que ilustram sempre as suas interven\u00e7\u00f5es com o pessimismo dos interessados em desestabilizar\u00a0Angola.<\/p>\n\n\n\n<p>N\u00e3o h\u00e1 almo\u00e7os gr\u00e1tis&#8230;!!!<\/p>\n","protected":false},"excerpt":{"rendered":"<p>Agitam-se as galinhas porque no \u00e2mago da quest\u00e3o est\u00e1 o sonho do poleiro, nada ao acaso, a din\u00e2mica est\u00e1 instalada, descontrolada, com efeito da rua e da arquibancada, numa arena em que a irresponsabilidade e a limita\u00e7\u00e3o de vis\u00e3o de Estado imp\u00f5em respostas adequadas para evitar males maiores. Em Lisboa est\u00e1 instalada na zona de [&hellip;]<\/p>\n","protected":false},"author":5,"featured_media":4771,"comment_status":"open","ping_status":"open","sticky":false,"template":"","format":"standard","meta":{"inline_featured_image":false,"footnotes":""},"categories":[105,21],"tags":[491,28,627,722,114,99,24,159,292,475,723,25],"class_list":["post-4769","post","type-post","status-publish","format-standard","has-post-thumbnail","hentry","category-noticias","category-opiniao","tag-acj","tag-adalberto-costa-junior","tag-angolanas","tag-angolanos","tag-daesh","tag-estado","tag-galo-negro","tag-guine-bissau","tag-marimbondos","tag-poder","tag-rosado-de-carvalho","tag-unita"],"_links":{"self":[{"href":"https:\/\/tribunadeangola.org\/index.php?rest_route=\/wp\/v2\/posts\/4769","targetHints":{"allow":["GET"]}}],"collection":[{"href":"https:\/\/tribunadeangola.org\/index.php?rest_route=\/wp\/v2\/posts"}],"about":[{"href":"https:\/\/tribunadeangola.org\/index.php?rest_route=\/wp\/v2\/types\/post"}],"author":[{"embeddable":true,"href":"https:\/\/tribunadeangola.org\/index.php?rest_route=\/wp\/v2\/users\/5"}],"replies":[{"embeddable":true,"href":"https:\/\/tribunadeangola.org\/index.php?rest_route=%2Fwp%2Fv2%2Fcomments&post=4769"}],"version-history":[{"count":3,"href":"https:\/\/tribunadeangola.org\/index.php?rest_route=\/wp\/v2\/posts\/4769\/revisions"}],"predecessor-version":[{"id":4774,"href":"https:\/\/tribunadeangola.org\/index.php?rest_route=\/wp\/v2\/posts\/4769\/revisions\/4774"}],"wp:featuredmedia":[{"embeddable":true,"href":"https:\/\/tribunadeangola.org\/index.php?rest_route=\/wp\/v2\/media\/4771"}],"wp:attachment":[{"href":"https:\/\/tribunadeangola.org\/index.php?rest_route=%2Fwp%2Fv2%2Fmedia&parent=4769"}],"wp:term":[{"taxonomy":"category","embeddable":true,"href":"https:\/\/tribunadeangola.org\/index.php?rest_route=%2Fwp%2Fv2%2Fcategories&post=4769"},{"taxonomy":"post_tag","embeddable":true,"href":"https:\/\/tribunadeangola.org\/index.php?rest_route=%2Fwp%2Fv2%2Ftags&post=4769"}],"curies":[{"name":"wp","href":"https:\/\/api.w.org\/{rel}","templated":true}]}}