{"id":4657,"date":"2021-06-01T18:27:31","date_gmt":"2021-06-01T17:27:31","guid":{"rendered":"https:\/\/tribunadeangola.org\/?p=4657"},"modified":"2021-06-11T12:07:30","modified_gmt":"2021-06-11T11:07:30","slug":"angola-intensifica-diplomacia-na-africa-austral","status":"publish","type":"post","link":"https:\/\/tribunadeangola.org\/?p=4657","title":{"rendered":"Angola intensifica diplomacia na \u00c1frica Austral"},"content":{"rendered":"\n<p class=\"has-drop-cap\">J\u00e1 aqui temos vindo a destacar o valoroso esfor\u00e7o que tem sido desencadeado pelo executivo angolano no estreitamento das rela\u00e7\u00f5es internacionais com algumas das principais pot\u00eancias mundiais. Ainda na semana passada, prova disso foram os in\u00fameros encontros que a Cimeira sobre o financiamento das economias africanas proporcionou.<\/p>\n\n\n\n<p>No que diz respeito aos seus vizinhos sul-africanos, o dinamismo da diplomacia angolana tem sido tamb\u00e9m bastante proveitosa.<\/p>\n\n\n\n<p>Relativamente \u00e0 economia mais desenvolvida da \u00c1frica subsariana, a \u00c1frica do Sul, t\u00eam sido privilegiados acordos de natureza comercial com destaque para o sector petrol\u00edfero, contudo, o refor\u00e7o dos la\u00e7os de coopera\u00e7\u00e3o tamb\u00e9m se podem vir a estender nos dom\u00ednios da ind\u00fastria, sa\u00fade militar e da forma\u00e7\u00e3o em l\u00edngua inglesa.<\/p>\n\n\n\n<p>No \u00e2mbito da coopera\u00e7\u00e3o militar, \u00e9 de recordar as fortes liga\u00e7\u00f5es que Angola det\u00eam h\u00e1 v\u00e1rios anos com o pa\u00eds do arco-\u00edris, e que este possui tecnologia interm\u00e9dia que pode ser utilizada para o desenvolvimento econ\u00f3mico e social de Angola, bem como das For\u00e7as Armadas Angolanas.<\/p>\n\n\n\n<p>No in\u00edcio do ano, Angola e Z\u00e2mbia refor\u00e7aram um acordo bilateral anteriormente realizado em 2016, que visa os sectores do com\u00e9rcio e da ind\u00fastria.<\/p>\n\n\n\n<p>Na sequ\u00eancia, de forma a promover oportunidades para o estabelecimento de rela\u00e7\u00f5es mais estreitas no sector privado dos dois pa\u00edses, dever\u00e3o ser organizados f\u00f3runs de neg\u00f3cios sob a \u00e9gide da C\u00e2mara de Com\u00e9rcio e Ind\u00fastria de Angola.<\/p>\n\n\n\n<p>Entretanto, em finais de abril, foi celebrado um memorando de entendimento relativo a um projecto que estava empancado, ou avan\u00e7ava muito periclitantemente desde 2012 devido \u00e0 crise econ\u00f3mica prolongada. Este memorando assinado, prev\u00ea um estudo para aferir da viabilidade da constru\u00e7\u00e3o de um oleoduto que vai ligar o Lobito (Benguela) a Lusaka, capital da Z\u00e2mbia. Caso este projecto tenha \u201cpernas para andar\u201d, o investimento poder\u00e1 custar mais de 2 mil milh\u00f5es de d\u00f3lares e empregar entre 8 e 12 mil empregos nos dois pa\u00edses na fase de constru\u00e7\u00e3o.<\/p>\n\n\n\n<p>Quanto ao vizinho que faz fronteira a sul, a Nam\u00edbia, temo-nos deparado com uma conjuntura pouco favor\u00e1vel. Exemplo disso, \u00e9 o encerramento cont\u00ednuo da fronteira namibiano-angolana devido aos constrangimentos associados \u00e0s medidas sanit\u00e1rias no contexto de pandemia, que naturalmente tem levado \u00e0 obstru\u00e7\u00e3o da livre circula\u00e7\u00e3o legal de pessoas e mercadorias. Para al\u00e9m disso, as secas extremas que t\u00eam assolado o sul de Angola, acabaram por provocar um movimento migrat\u00f3rio descontrolado dos cidad\u00e3os angolanos para o territ\u00f3rio namibiano.<\/p>\n\n\n\n<p>Ainda assim, deveremos ter em considera\u00e7\u00e3o as rela\u00e7\u00f5es de amizade entre os dois estados, e isso, pode-se reflectir segundo o Ministro das Rela\u00e7\u00f5es Exteriores, T\u00e9te Ant\u00f3nio, no fortalecimento do di\u00e1logo pol\u00edtico-diplom\u00e1tico e no caso espec\u00edfico, explorar as oportunidades que as rela\u00e7\u00f5es econ\u00f3micas e comerciais oferecem. Al\u00e9m do mais, a Nam\u00edbia \u00e9 um parceiro estrat\u00e9gico com capacidade de ajudar Angola a incrementar o investimento directo estrangeiro e as parcerias p\u00fablico-privadas.<\/p>\n\n\n\n<p>Por \u00faltimo, nota de realce para o encontro que tivemos no in\u00edcio desta semana, entre o Presidente da Rep\u00fablica Jo\u00e3o Louren\u00e7o e o seu hom\u00f3logo Tswan\u00eas Mokgweetsi Masisi mais as diversas reuni\u00f5es entre as delega\u00e7\u00f5es ministeriais. Os dois pa\u00edses que mant\u00eam rela\u00e7\u00f5es diplom\u00e1ticas desde 1976, t\u00eam concentrado a sua coopera\u00e7\u00e3o bilateral nos sectores dos diamantes, educa\u00e7\u00e3o, sa\u00fade e meio ambiente.<\/p>\n\n\n\n<p>O Botswana \u00e9 um dos maiores produtores de diamantes a n\u00edvel mundial e Angola pode obter a experi\u00eancia deste pa\u00eds na extra\u00e7\u00e3o e lapida\u00e7\u00e3o.<\/p>\n\n\n\n<p>Importa tamb\u00e9m lembrar que ambos os pa\u00edses, para al\u00e9m da Nam\u00edbia, Zimbabwe e Z\u00e2mbia, integram o projecto Okayango\/Zambeze, um dos mais ambiciosos projectos tur\u00edsticos do mundo, e no qual Angola det\u00e9m a segunda maior participa\u00e7\u00e3o, com 87 mil quil\u00f3metros quadrados de espa\u00e7o territorial.<\/p>\n\n\n\n<p>Todas estas constru\u00e7\u00f5es e n\u00edveis de coopera\u00e7\u00e3o englobam uma zona geogr\u00e1fica comum \u2013 \u00c1frica Austral \u2013 esta regi\u00e3o necessita de consolidar a sua colabora\u00e7\u00e3o a n\u00edvel multilateral. E nada melhor do que aproveitar um \u201cpalco\u201d j\u00e1 existente \u2013 a Comunidade de Desenvolvimento da \u00c1frica Austral (SADC), que tem como \u201cespinha dorsal\u201d dos seus des\u00edgnios a coopera\u00e7\u00e3o e integra\u00e7\u00e3o socio-econ\u00f3mica, bem como a coopera\u00e7\u00e3o em mat\u00e9rias de pol\u00edtica e seguran\u00e7a dessa regi\u00e3o.<\/p>\n","protected":false},"excerpt":{"rendered":"<p>J\u00e1 aqui temos vindo a destacar o valoroso esfor\u00e7o que tem sido desencadeado pelo executivo angolano no estreitamento das rela\u00e7\u00f5es internacionais com algumas das principais pot\u00eancias mundiais. Ainda na semana passada, prova disso foram os in\u00fameros encontros que a Cimeira sobre o financiamento das economias africanas proporcionou. No que diz respeito aos seus vizinhos sul-africanos, [&hellip;]<\/p>\n","protected":false},"author":1,"featured_media":4658,"comment_status":"open","ping_status":"open","sticky":false,"template":"","format":"standard","meta":{"inline_featured_image":false,"footnotes":""},"categories":[105,21],"tags":[618,617,89,173,360,33,616,619,171],"class_list":["post-4657","post","type-post","status-publish","format-standard","has-post-thumbnail","hentry","category-noticias","category-opiniao","tag-africa-austral","tag-africa-do-sul","tag-angola","tag-botswana","tag-cooperacao","tag-joao-lourenco","tag-namibia","tag-sadc","tag-zambia"],"_links":{"self":[{"href":"https:\/\/tribunadeangola.org\/index.php?rest_route=\/wp\/v2\/posts\/4657","targetHints":{"allow":["GET"]}}],"collection":[{"href":"https:\/\/tribunadeangola.org\/index.php?rest_route=\/wp\/v2\/posts"}],"about":[{"href":"https:\/\/tribunadeangola.org\/index.php?rest_route=\/wp\/v2\/types\/post"}],"author":[{"embeddable":true,"href":"https:\/\/tribunadeangola.org\/index.php?rest_route=\/wp\/v2\/users\/1"}],"replies":[{"embeddable":true,"href":"https:\/\/tribunadeangola.org\/index.php?rest_route=%2Fwp%2Fv2%2Fcomments&post=4657"}],"version-history":[{"count":1,"href":"https:\/\/tribunadeangola.org\/index.php?rest_route=\/wp\/v2\/posts\/4657\/revisions"}],"predecessor-version":[{"id":4659,"href":"https:\/\/tribunadeangola.org\/index.php?rest_route=\/wp\/v2\/posts\/4657\/revisions\/4659"}],"wp:featuredmedia":[{"embeddable":true,"href":"https:\/\/tribunadeangola.org\/index.php?rest_route=\/wp\/v2\/media\/4658"}],"wp:attachment":[{"href":"https:\/\/tribunadeangola.org\/index.php?rest_route=%2Fwp%2Fv2%2Fmedia&parent=4657"}],"wp:term":[{"taxonomy":"category","embeddable":true,"href":"https:\/\/tribunadeangola.org\/index.php?rest_route=%2Fwp%2Fv2%2Fcategories&post=4657"},{"taxonomy":"post_tag","embeddable":true,"href":"https:\/\/tribunadeangola.org\/index.php?rest_route=%2Fwp%2Fv2%2Ftags&post=4657"}],"curies":[{"name":"wp","href":"https:\/\/api.w.org\/{rel}","templated":true}]}}