{"id":4654,"date":"2021-06-01T18:24:19","date_gmt":"2021-06-01T17:24:19","guid":{"rendered":"https:\/\/tribunadeangola.org\/?p=4654"},"modified":"2021-06-11T11:20:58","modified_gmt":"2021-06-11T10:20:58","slug":"angola-em-destaque-na-onu","status":"publish","type":"post","link":"https:\/\/tribunadeangola.org\/?p=4654","title":{"rendered":"Angola em destaque na ONU"},"content":{"rendered":"\n<p class=\"has-drop-cap\">No pr\u00f3ximo m\u00eas de julho, Angola vai apresentar pela primeira vez um relat\u00f3rio sobre a evolu\u00e7\u00e3o econ\u00f3mica e social do pa\u00eds, no \u00e2mbito do F\u00f3rum de Alto N\u00edvel Pol\u00edtico e Econ\u00f3mico da ONU.<\/p>\n\n\n\n<p>Se fossemos analisar a actual conjuntura econ\u00f3mica e social do pa\u00eds, apenas baseado em alguma media e burburinho de redes sociais, talvez fosse mais aconselh\u00e1vel para o governo angolano n\u00e3o propalar relat\u00f3rios que n\u00e3o apresentassem um cen\u00e1rio extraordin\u00e1rio da sociedade angolana. Pelo que vamos colhendo das v\u00e1rias not\u00edcias espalhadas pela imprensa, parece que nunca se viveu t\u00e3o mal em Angola, nunca tivemos t\u00e3o pouca liberdade, e que existe um ou outro messias na oposi\u00e7\u00e3o que com um toque de midas ir\u00e1 colocar o pa\u00eds nos trilhos da prosperidade para toda a popula\u00e7\u00e3o angolana.<\/p>\n\n\n\n<p>Essas personagens que vivem apregoando uma prodigalidade de improp\u00e9rios e mentiras j\u00e1 nos vamos acostumando. Todavia, queremos ainda acreditar que a mem\u00f3ria dos nossos avitos ainda \u00e9 generosa, e que, consequentemente, lembrem nossos jovens quem, na realidade s\u00e3o esses lobos travestidos agora com pele de cordeiro.<\/p>\n\n\n\n<p>N\u00e3o obstante sabermos o quanto a situa\u00e7\u00e3o de muitos angolanos seja muito complicada e que at\u00e9 tenha piorado recentemente, compreendemos que o \u00faltimo ano e meio n\u00e3o tem sido f\u00e1cil de enfrentar, sobretudo devido ao contexto de pandemia em que vivemos, e todas as consequ\u00eancias que isso tem vindo a acarretar para todos.<\/p>\n\n\n\n<p>Dentro deste quadro, o Ministro da Economia e Planeamento, S\u00e9rgio Sousa Santos, veio anunciar que o pa\u00eds vai apresentar o estado de implementa\u00e7\u00e3o dos Obectivos de De Desenvolvimento Sustent\u00e1vel. Estes objectivos s\u00e3o um apelo global \u00e0 ac\u00e7\u00e3o para acabar com a pobreza, proteger o meio ambiente e o clima e garantir que as pessoas, em todos os lugares, possam desfrutar de paz e de prosperidade. Todos eles, est\u00e3o inseridos no \u00e2mbito da Agenda 2030 \u201cque aborda v\u00e1rias dimens\u00f5es do desenvolvimento sustent\u00e1vel (s\u00f3cio, econ\u00f3mico, ambiental) e que promove a paz, a justi\u00e7a e institui\u00e7\u00f5es eficazes\u201d.<\/p>\n\n\n\n<p><strong>Objectivos de Desenvolvimento Sustent\u00e1vel:<\/strong><\/p>\n\n\n\n<ol class=\"wp-block-list\" type=\"1\"><li>Erradicar a Pobreza<\/li><li>Erradicar a Fome<\/li><li>Sa\u00fade de Qualidade<\/li><li>Educa\u00e7\u00e3o de Qualidade<\/li><li>Igualdade de G\u00e9nero<\/li><li>\u00c1gua Pot\u00e1vel e Saneamento<\/li><li>Energias Renov\u00e1veis e Acess\u00edveis<\/li><li>Trabalho Digno e Crescimento econ\u00f3mico<\/li><li>Ind\u00fastria, Inova\u00e7\u00e3o e Infraestruturas<\/li><li>&nbsp;Reduzir as Igualdades<\/li><li>Cidades e Comunidades Sustent\u00e1veis<\/li><li>Produ\u00e7\u00e3o e Consumo Sustent\u00e1veis<\/li><li>Ac\u00e7\u00e3o Clim\u00e1tica<\/li><li>Proteger a Vida Marinha<\/li><li>Proteger a Vida Terrestre<\/li><li>Paz, Justi\u00e7a e Institui\u00e7\u00f5es Eficazes<\/li><li>Parcerias para a Implementa\u00e7\u00e3o dos Objectivos<\/li><\/ol>\n\n\n\n<p>Este relat\u00f3rio a ser apresentado \u00e0 ONU, vai sublinhar a import\u00e2ncia das conquistas no dom\u00ednio social em Angola, isto apesar da dif\u00edcil situa\u00e7\u00e3o econ\u00f3mica que o pa\u00eds atravessa, adiantou o ministro.<\/p>\n\n\n\n<p>Nas declara\u00e7\u00f5es proferidas, S\u00e9rgio Santos n\u00e3o enfatizou apenas o empenhamento do governo em melhorar os indicadores de desenvolvimento social, econ\u00f3mico e ambiental. Soube dividir os \u201clouros\u201d com todas as organiza\u00e7\u00f5es e empresas que porfiam os mesmos prop\u00f3sitos.<\/p>\n\n\n\n<p>Dos 17 objectivos delineados no \u201cDesenvolvimento Sustent\u00e1vel\u201d, Angola estabeleceu como prioridades a cria\u00e7\u00e3o de emprego e o aumento do rendimento das fam\u00edlias para se combater a pobreza.<\/p>\n","protected":false},"excerpt":{"rendered":"<p>No pr\u00f3ximo m\u00eas de julho, Angola vai apresentar pela primeira vez um relat\u00f3rio sobre a evolu\u00e7\u00e3o econ\u00f3mica e social do pa\u00eds, no \u00e2mbito do F\u00f3rum de Alto N\u00edvel Pol\u00edtico e Econ\u00f3mico da ONU. Se fossemos analisar a actual conjuntura econ\u00f3mica e social do pa\u00eds, apenas baseado em alguma media e burburinho de redes sociais, talvez [&hellip;]<\/p>\n","protected":false},"author":1,"featured_media":4655,"comment_status":"open","ping_status":"open","sticky":false,"template":"","format":"standard","meta":{"inline_featured_image":false,"footnotes":""},"categories":[105,21],"tags":[89,614,615,612,354,613],"class_list":["post-4654","post","type-post","status-publish","format-standard","has-post-thumbnail","hentry","category-noticias","category-opiniao","tag-angola","tag-desenvolvimento-sustentavel","tag-ministro-da-economia-e-planeamento","tag-onu","tag-relatorio","tag-sergio-sousa"],"_links":{"self":[{"href":"https:\/\/tribunadeangola.org\/index.php?rest_route=\/wp\/v2\/posts\/4654","targetHints":{"allow":["GET"]}}],"collection":[{"href":"https:\/\/tribunadeangola.org\/index.php?rest_route=\/wp\/v2\/posts"}],"about":[{"href":"https:\/\/tribunadeangola.org\/index.php?rest_route=\/wp\/v2\/types\/post"}],"author":[{"embeddable":true,"href":"https:\/\/tribunadeangola.org\/index.php?rest_route=\/wp\/v2\/users\/1"}],"replies":[{"embeddable":true,"href":"https:\/\/tribunadeangola.org\/index.php?rest_route=%2Fwp%2Fv2%2Fcomments&post=4654"}],"version-history":[{"count":1,"href":"https:\/\/tribunadeangola.org\/index.php?rest_route=\/wp\/v2\/posts\/4654\/revisions"}],"predecessor-version":[{"id":4656,"href":"https:\/\/tribunadeangola.org\/index.php?rest_route=\/wp\/v2\/posts\/4654\/revisions\/4656"}],"wp:featuredmedia":[{"embeddable":true,"href":"https:\/\/tribunadeangola.org\/index.php?rest_route=\/wp\/v2\/media\/4655"}],"wp:attachment":[{"href":"https:\/\/tribunadeangola.org\/index.php?rest_route=%2Fwp%2Fv2%2Fmedia&parent=4654"}],"wp:term":[{"taxonomy":"category","embeddable":true,"href":"https:\/\/tribunadeangola.org\/index.php?rest_route=%2Fwp%2Fv2%2Fcategories&post=4654"},{"taxonomy":"post_tag","embeddable":true,"href":"https:\/\/tribunadeangola.org\/index.php?rest_route=%2Fwp%2Fv2%2Ftags&post=4654"}],"curies":[{"name":"wp","href":"https:\/\/api.w.org\/{rel}","templated":true}]}}