{"id":4478,"date":"2021-04-27T14:57:28","date_gmt":"2021-04-27T13:57:28","guid":{"rendered":"https:\/\/tribunadeangola.org\/?p=4478"},"modified":"2021-04-27T15:01:29","modified_gmt":"2021-04-27T14:01:29","slug":"unita-balcanizacao","status":"publish","type":"post","link":"https:\/\/tribunadeangola.org\/?p=4478","title":{"rendered":"UNITA &#8211; Balcaniza\u00e7\u00e3o"},"content":{"rendered":"\n<p class=\"has-drop-cap\">Sucedem-se factos evidentes que demonstram a fragmenta\u00e7\u00e3o da c\u00fapula dirigente&nbsp;do Galo Negro, a metodologia \u00e9 a mesma da Jamba, a inquisi\u00e7\u00e3o segue os mesmos tr\u00e2mites.&nbsp;<\/p>\n\n\n\n<p>Adalberto da Costa J\u00fanior ausentou-se numa fase em que n\u00e3o quis assumir responsabilidades de gest\u00e3o, oportunista como s\u00f3 ele \u00e9, deixou aos verdadeiros mandantes a incumb\u00eancia de julgar e castigar os filhos do Mais Velho Jonas Savimbi, porque a pedido destes foram recebidos pelo Presidente da Rep\u00fablica na Cidade Alta, em visita privada e apartid\u00e1ria em agradecimento pelos esfor\u00e7os para que o Pai tivesse um funeral condigno.<\/p>\n\n\n\n<p>Ontem mesmo estava para ser tornado p\u00fablico um Comunicado familiar de agradecimento que foi censurado e condenado com amea\u00e7as emanadas do secretariado jurisdicional da Vila Alice dirigido por Paulo Lukamba Gato.&nbsp;<\/p>\n\n\n\n<p>Quantos aos dinheiros dos marimbondos, esses mesmos do Cl\u00e3 Dos Santos, est\u00e1 a fazer mossa porque muitos dinossauros e tubar\u00f5es clamam pelas migalhas; ao certo ningu\u00e9m sabe quanto \u00e9, ningu\u00e9m presta contas fora do grupo restrito dos viajantes, que tamb\u00e9m condenaram Isa\u00edas Samakuva ao ostracismo total.<\/p>\n\n\n\n<p>Em Portugal come\u00e7a-se a interpelar as autoridades pela ac\u00e7\u00e3o de Tchiz\u00e9 dos Santos, ela dirige uma orquestra\u00e7\u00e3o terrorista digital, com verborreia impr\u00f3pria para com o Presidente&nbsp;da Rep\u00fablica de um Estado da CPLP, amigo e legitimamente eleito. Algumas das suas interven\u00e7\u00f5es podem provocar desacatos p\u00fablicos num pa\u00eds onde residem dezenas de milhares de cidad\u00e3os angolanos, com a agravante de ser uma ex-deputada em Angola expulsa do Parlamento por insurrei\u00e7\u00e3o. \u00c9 mesmo um caso que deve implicar um escrut\u00ednio da PGR portuguesa.<\/p>\n\n\n\n<p>Outra descoberta recente de Adalberto da Costa J\u00fanior e da sua imprepara\u00e7\u00e3o prim\u00e1ria, \u00e9 o facto de n\u00e3o comparecer a encontros por ele mesmo solicitados e sem qualquer justifica\u00e7\u00e3o, falta de car\u00e1cter e no\u00e7\u00e3o de responsabilidade de Estado. Amigos com quem confraternizou e dialogou falam em megalomania e pressagiam-lhe caminho curto na credibilidade necess\u00e1ria para dirigir o maior Partido da Oposi\u00e7\u00e3o.<\/p>\n\n\n\n<p>Come\u00e7a com insist\u00eancia, com aval do Cl\u00e3 Dos Santos, a vislumbrar-se uma candidatura \u00fanica da oposi\u00e7\u00e3o encabe\u00e7ada por Abel Chivukuvuku.<\/p>\n\n\n\n<p>Veremos&#8230;!!!<\/p>\n\n\n\n<p><\/p>\n\n\n\n<p><strong>Kuma<\/strong><\/p>\n","protected":false},"excerpt":{"rendered":"<p>Sucedem-se factos evidentes que demonstram a fragmenta\u00e7\u00e3o da c\u00fapula dirigente&nbsp;do Galo Negro, a metodologia \u00e9 a mesma da Jamba, a inquisi\u00e7\u00e3o segue os mesmos tr\u00e2mites.&nbsp; Adalberto da Costa J\u00fanior ausentou-se numa fase em que n\u00e3o quis assumir responsabilidades de gest\u00e3o, oportunista como s\u00f3 ele \u00e9, deixou aos verdadeiros mandantes a incumb\u00eancia de julgar e castigar [&hellip;]<\/p>\n","protected":false},"author":1,"featured_media":4481,"comment_status":"open","ping_status":"open","sticky":false,"template":"","format":"standard","meta":{"inline_featured_image":false,"footnotes":""},"categories":[105,21],"tags":[327,28,452,237,118,292,477,145,160,25],"class_list":["post-4478","post","type-post","status-publish","format-standard","has-post-thumbnail","hentry","category-noticias","category-opiniao","tag-abel-chivukuvuku","tag-adalberto-costa-junior","tag-dos-santos","tag-isaias-samakuva","tag-jonas-savimbi","tag-marimbondos","tag-paulo-gato","tag-presidente-da-republica","tag-tchize-dos-santos","tag-unita"],"_links":{"self":[{"href":"https:\/\/tribunadeangola.org\/index.php?rest_route=\/wp\/v2\/posts\/4478","targetHints":{"allow":["GET"]}}],"collection":[{"href":"https:\/\/tribunadeangola.org\/index.php?rest_route=\/wp\/v2\/posts"}],"about":[{"href":"https:\/\/tribunadeangola.org\/index.php?rest_route=\/wp\/v2\/types\/post"}],"author":[{"embeddable":true,"href":"https:\/\/tribunadeangola.org\/index.php?rest_route=\/wp\/v2\/users\/1"}],"replies":[{"embeddable":true,"href":"https:\/\/tribunadeangola.org\/index.php?rest_route=%2Fwp%2Fv2%2Fcomments&post=4478"}],"version-history":[{"count":3,"href":"https:\/\/tribunadeangola.org\/index.php?rest_route=\/wp\/v2\/posts\/4478\/revisions"}],"predecessor-version":[{"id":4482,"href":"https:\/\/tribunadeangola.org\/index.php?rest_route=\/wp\/v2\/posts\/4478\/revisions\/4482"}],"wp:featuredmedia":[{"embeddable":true,"href":"https:\/\/tribunadeangola.org\/index.php?rest_route=\/wp\/v2\/media\/4481"}],"wp:attachment":[{"href":"https:\/\/tribunadeangola.org\/index.php?rest_route=%2Fwp%2Fv2%2Fmedia&parent=4478"}],"wp:term":[{"taxonomy":"category","embeddable":true,"href":"https:\/\/tribunadeangola.org\/index.php?rest_route=%2Fwp%2Fv2%2Fcategories&post=4478"},{"taxonomy":"post_tag","embeddable":true,"href":"https:\/\/tribunadeangola.org\/index.php?rest_route=%2Fwp%2Fv2%2Ftags&post=4478"}],"curies":[{"name":"wp","href":"https:\/\/api.w.org\/{rel}","templated":true}]}}