{"id":4473,"date":"2021-04-25T14:06:01","date_gmt":"2021-04-25T13:06:01","guid":{"rendered":"https:\/\/tribunadeangola.org\/?p=4473"},"modified":"2021-05-11T16:40:04","modified_gmt":"2021-05-11T15:40:04","slug":"acj-o-fracasso","status":"publish","type":"post","link":"https:\/\/tribunadeangola.org\/?p=4473","title":{"rendered":"ACJ &#8211; O fracasso"},"content":{"rendered":"\n<p class=\"has-drop-cap\">\u00c1frica fecha as portas, a Europa fecha as janelas, e o ru\u00eddo estridente da vacuidade e do medo fica circunscrito ao admir\u00e1vel sonho do Galo Negro que o alimentou at\u00e9 hoje, entre contradi\u00e7\u00f5es, assassinatos, enriquecimentos, e um nepotismo implac\u00e1vel que demarcou e se apoderou dos mecanismos de assalto ao Poder.<\/p>\n\n\n\n<p>Adalberto da Costa J\u00fanior tem nos tradicionais aliados africanos da UNITA uma indiferen\u00e7a quase desprez\u00edvel, e como se evidenciou na sua actual visita a Portugal, acompanhado de comitiva onde se integra a sua vice Arlete Chimbili, viu a sua agenda intencional barrada e confrontou-se com a carta de demiss\u00e3o do delegado da UNITA em Portugal, o ex-embaixador no M\u00e9xico Jaime Furtado, em total discord\u00e2ncia com a lideran\u00e7a.&nbsp;<\/p>\n\n\n\n<p>O Ministro dos Neg\u00f3cios Estrangeiros portugu\u00eas recusou receb\u00ea-lo; no Parlamento Europeu em Bruxelas tamb\u00e9m obteve recusa, e Emanuele Macron, presidente de Fran\u00e7a, tamb\u00e9m recusou di\u00e1logo com a UNITA. Os seus amigos portugueses de longa data, onde pontifica Jo\u00e3o Soares e Maria Ant\u00f3nia Pala, m\u00e3e do Primeiro Ministro Ant\u00f3nio Costa, tamb\u00e9m mostraram&nbsp;desagrado esta sexta-feira pelo facto de ter nomeado representante da UNITA em Lisboa Emanuel Ferraz, cidad\u00e3o portugu\u00eas sem nacionalidade angolana.<\/p>\n\n\n\n<p>Na sua aus\u00eancia, chegou a Lisboa via Paris, come\u00e7aram as repetidas cr\u00edticas e amea\u00e7as aos filhos de Jonas Savimbi pelo encontro com o Presidente Jo\u00e3o Louren\u00e7o, acusam-nos de trai\u00e7\u00e3o, numa altura em que ACJ tenta descolar-se da heran\u00e7a&nbsp;de Jonas Savimbi, que est\u00e1 cada vez mais desacreditado na Europa, e \u00e9 tido na sociedade portuguesa como o grande respons\u00e1vel da guerra e do \u00eaxodo dos portugueses.<\/p>\n\n\n\n<p>Na sua agenda constam agora contactos empresariais, assumindo como certa a sua elei\u00e7\u00e3o presidencial; tenta estabelecer parcerias sectoriais&nbsp;contra o financiamento do Galo Negro, isto quando se estima que as suas contas banc\u00e1rias v\u00e3o engordando. \u00c9 o caso de, provavelmente em Roma ou Londres, ainda venha a assinar um memorando de entendimento com o Cl\u00e3 Dos Santos, na pessoa de Isabel dos Santos, para que haja financiamento destes para a campanha que se avizinha,&nbsp;para isso trouxe tamb\u00e9m a sua vice-presidente.<\/p>\n\n\n\n<p>Os filhos de Jonas Savimbi, que em Congresso apoiaram Alcides Sakala, ir\u00e3o emitir um comunicado de agradecimento a Jo\u00e3o Louren\u00e7a e v\u00e3o demarcar-se de ACJ, entendem mesmo que ele \u00e9 uma &#8220;marioneta&#8221; de Paulo Lukamba&nbsp;Gato, Eug\u00e9nio Manuvakola, Marcial Dachala e Samuel&nbsp;Chiwale.<\/p>\n\n\n\n<p>O poder de ACJ est\u00e1 cada vez mais representado pela juventude rebelde e an\u00e1rquica, que nunca trabalhou, tem sede de Poder, sem qualquer&nbsp;no\u00e7\u00e3o de Estado, um perigo ambulante para qualquer pa\u00eds.&nbsp;<\/p>\n\n\n\n<p><strong>Kuma<\/strong><\/p>\n","protected":false},"excerpt":{"rendered":"<p>\u00c1frica fecha as portas, a Europa fecha as janelas, e o ru\u00eddo estridente da vacuidade e do medo fica circunscrito ao admir\u00e1vel sonho do Galo Negro que o alimentou at\u00e9 hoje, entre contradi\u00e7\u00f5es, assassinatos, enriquecimentos, e um nepotismo implac\u00e1vel que demarcou e se apoderou dos mecanismos de assalto ao Poder. Adalberto da Costa J\u00fanior tem [&hellip;]<\/p>\n","protected":false},"author":1,"featured_media":4476,"comment_status":"open","ping_status":"open","sticky":false,"template":"","format":"standard","meta":{"inline_featured_image":false,"footnotes":""},"categories":[105,21],"tags":[491,28,27,398,24,39,33,443,477,475,476,25],"class_list":["post-4473","post","type-post","status-publish","format-standard","has-post-thumbnail","hentry","category-noticias","category-opiniao","tag-acj","tag-adalberto-costa-junior","tag-alcides-sakala","tag-eugenio-manuvakola","tag-galo-negro","tag-isabel-dos-santos","tag-joao-lourenco","tag-marcial-dachala","tag-paulo-gato","tag-poder","tag-samuel-chiwale","tag-unita"],"_links":{"self":[{"href":"https:\/\/tribunadeangola.org\/index.php?rest_route=\/wp\/v2\/posts\/4473","targetHints":{"allow":["GET"]}}],"collection":[{"href":"https:\/\/tribunadeangola.org\/index.php?rest_route=\/wp\/v2\/posts"}],"about":[{"href":"https:\/\/tribunadeangola.org\/index.php?rest_route=\/wp\/v2\/types\/post"}],"author":[{"embeddable":true,"href":"https:\/\/tribunadeangola.org\/index.php?rest_route=\/wp\/v2\/users\/1"}],"replies":[{"embeddable":true,"href":"https:\/\/tribunadeangola.org\/index.php?rest_route=%2Fwp%2Fv2%2Fcomments&post=4473"}],"version-history":[{"count":4,"href":"https:\/\/tribunadeangola.org\/index.php?rest_route=\/wp\/v2\/posts\/4473\/revisions"}],"predecessor-version":[{"id":4530,"href":"https:\/\/tribunadeangola.org\/index.php?rest_route=\/wp\/v2\/posts\/4473\/revisions\/4530"}],"wp:featuredmedia":[{"embeddable":true,"href":"https:\/\/tribunadeangola.org\/index.php?rest_route=\/wp\/v2\/media\/4476"}],"wp:attachment":[{"href":"https:\/\/tribunadeangola.org\/index.php?rest_route=%2Fwp%2Fv2%2Fmedia&parent=4473"}],"wp:term":[{"taxonomy":"category","embeddable":true,"href":"https:\/\/tribunadeangola.org\/index.php?rest_route=%2Fwp%2Fv2%2Fcategories&post=4473"},{"taxonomy":"post_tag","embeddable":true,"href":"https:\/\/tribunadeangola.org\/index.php?rest_route=%2Fwp%2Fv2%2Ftags&post=4473"}],"curies":[{"name":"wp","href":"https:\/\/api.w.org\/{rel}","templated":true}]}}