{"id":4428,"date":"2021-04-10T12:55:30","date_gmt":"2021-04-10T11:55:30","guid":{"rendered":"https:\/\/tribunadeangola.org\/?p=4428"},"modified":"2021-04-10T12:55:31","modified_gmt":"2021-04-10T11:55:31","slug":"os-cangaceiros-modernos","status":"publish","type":"post","link":"https:\/\/tribunadeangola.org\/?p=4428","title":{"rendered":"Os cangaceiros modernos"},"content":{"rendered":"\n<p class=\"has-drop-cap\">O ambiente interno na UNITA est\u00e1 ao rubro, est\u00e1 a criar-se um estado dentro do Estado em todas as suas vertentes, h\u00e1 um grupo que apoiado no egocentrismo&nbsp;de Adalberto Costa J\u00fanior, julga, sentencia, \u00e0 margem do elementar respeito pelo Estado de Direito, obscurecendo o p\u00e2ntano com paliativos constitucionais, esse chav\u00e3o que vai servindo para entreter o pagode.<\/p>\n\n\n\n<p>Samuel&nbsp;Chiwale colocou o filho na lideran\u00e7a de Benguela do Galo Negro. Eug\u00e9nio Manuvakola colocou a filha no Huambo. Paulo Gato colocou v\u00e1rios pe\u00f5es e at\u00e9&nbsp;conseguiu transferir a irm\u00e3 e o cunhado da embaixada de Washington para Paris, desejo antigo.<\/p>\n\n\n\n<p>ACJ j\u00e1 troca apoios em Portugal com futuros neg\u00f3cios quando for presidente da Rep\u00fablica; a vit\u00f3ria eleitoral \u00e9 j\u00e1 um dado adquirido, e o sinal de for\u00e7a vai ser dado quando da Cimeira da CPLP a realizar em Luanda.<\/p>\n\n\n\n<p>A UNITA arrasta multid\u00f5es das prov\u00edncias para Luanda, e o disfarce de disputa de nacionalidade e outras banalidades medi\u00e1ticas, oculta a verdadeira face b\u00e9lica que se intenta como um dos recursos de assalto ao Poder.<\/p>\n\n\n\n<p>O nome de Isa\u00edas Samakuva que j\u00e1 se encontrava ostracizado,&nbsp;foi agora interdito pelo convite ao almo\u00e7o de JLO, o Galo Negro queria uma &#8220;nega&#8221; p\u00fablica contundente, e agora at\u00e9 a fam\u00edlia \u00e9 perseguida.&nbsp;<\/p>\n\n\n\n<p>ACJ \u00e9 um pol\u00edtico sem refer\u00eancias, oportunista e mentiroso&nbsp;compulsivo, leviano at\u00e9, sem no\u00e7\u00e3o de responsabilidade e desconhecedor da Hist\u00f3ria, em termos filos\u00f3ficos n\u00e3o tem identidade, \u00e9 incapaz de criar um modelo de sociedade nem tem qualquer elo externo como refer\u00eancia. Come\u00e7a a mostrar incapacidade em gerir internamente a UNITA&nbsp; e a oposi\u00e7\u00e3o ao governo resume-se \u00e0 cr\u00edtica \u00e0s dificuldades existentes, sem apresentar um quadro de solu\u00e7\u00f5es.<\/p>\n\n\n\n<p>Leituras de chancelarias diplom\u00e1ticas reportam para os seus governos que h\u00e1 jovens descontentes a manifestarem-se na rua, mas s\u00e3o avessos \u00e0 UNITA que n\u00e3o consegue desvincular-se da sua heran\u00e7a tribalista, racista e totalit\u00e1ria, com dezenas de crimes horrendos por clarificar.&nbsp;<\/p>\n\n\n\n<p>Fonte pr\u00f3xima e fidedigna de Tchiz\u00e9 dos Santos, declara sem segredo que Adalberto Costa J\u00fanior reporta diariamente a sua agenda, h\u00e1 mesmo um memorando que ir\u00e1 ser assinado em Londres ou Paris, entre ACJ e o cl\u00e3 dos Santos. Veremos &#8230;!!!<\/p>\n\n\n\n<p><strong>Kuma<\/strong><\/p>\n","protected":false},"excerpt":{"rendered":"<p>O ambiente interno na UNITA est\u00e1 ao rubro, est\u00e1 a criar-se um estado dentro do Estado em todas as suas vertentes, h\u00e1 um grupo que apoiado no egocentrismo&nbsp;de Adalberto Costa J\u00fanior, julga, sentencia, \u00e0 margem do elementar respeito pelo Estado de Direito, obscurecendo o p\u00e2ntano com paliativos constitucionais, esse chav\u00e3o que vai servindo para entreter [&hellip;]<\/p>\n","protected":false},"author":1,"featured_media":4432,"comment_status":"open","ping_status":"open","sticky":false,"template":"","format":"standard","meta":{"inline_featured_image":false,"footnotes":""},"categories":[105,21],"tags":[28,452,398,24,237,477,476,160,25],"class_list":["post-4428","post","type-post","status-publish","format-standard","has-post-thumbnail","hentry","category-noticias","category-opiniao","tag-adalberto-costa-junior","tag-dos-santos","tag-eugenio-manuvakola","tag-galo-negro","tag-isaias-samakuva","tag-paulo-gato","tag-samuel-chiwale","tag-tchize-dos-santos","tag-unita"],"_links":{"self":[{"href":"https:\/\/tribunadeangola.org\/index.php?rest_route=\/wp\/v2\/posts\/4428","targetHints":{"allow":["GET"]}}],"collection":[{"href":"https:\/\/tribunadeangola.org\/index.php?rest_route=\/wp\/v2\/posts"}],"about":[{"href":"https:\/\/tribunadeangola.org\/index.php?rest_route=\/wp\/v2\/types\/post"}],"author":[{"embeddable":true,"href":"https:\/\/tribunadeangola.org\/index.php?rest_route=\/wp\/v2\/users\/1"}],"replies":[{"embeddable":true,"href":"https:\/\/tribunadeangola.org\/index.php?rest_route=%2Fwp%2Fv2%2Fcomments&post=4428"}],"version-history":[{"count":3,"href":"https:\/\/tribunadeangola.org\/index.php?rest_route=\/wp\/v2\/posts\/4428\/revisions"}],"predecessor-version":[{"id":4431,"href":"https:\/\/tribunadeangola.org\/index.php?rest_route=\/wp\/v2\/posts\/4428\/revisions\/4431"}],"wp:featuredmedia":[{"embeddable":true,"href":"https:\/\/tribunadeangola.org\/index.php?rest_route=\/wp\/v2\/media\/4432"}],"wp:attachment":[{"href":"https:\/\/tribunadeangola.org\/index.php?rest_route=%2Fwp%2Fv2%2Fmedia&parent=4428"}],"wp:term":[{"taxonomy":"category","embeddable":true,"href":"https:\/\/tribunadeangola.org\/index.php?rest_route=%2Fwp%2Fv2%2Fcategories&post=4428"},{"taxonomy":"post_tag","embeddable":true,"href":"https:\/\/tribunadeangola.org\/index.php?rest_route=%2Fwp%2Fv2%2Ftags&post=4428"}],"curies":[{"name":"wp","href":"https:\/\/api.w.org\/{rel}","templated":true}]}}