{"id":16811,"date":"2026-09-05T12:12:51","date_gmt":"2026-09-05T11:12:51","guid":{"rendered":"https:\/\/tribunadeangola.org\/?p=16811"},"modified":"2026-09-05T12:12:51","modified_gmt":"2026-09-05T11:12:51","slug":"essencial-e-o-acessorio","status":"publish","type":"post","link":"https:\/\/tribunadeangola.org\/?p=16811","title":{"rendered":"Essencial e o Acess\u00f3rio"},"content":{"rendered":"\n<p>Mais do que nunca, quando a demagogia e a fraude partid\u00e1ria se vestem de cores vivas para enganar os escombros de uma travessia inconsistente e camale\u00f3nica, conv\u00e9m, com factos, separar as \u00e1guas.<\/p>\n\n\n\n<p>O Senhor Presidente da Rep\u00fablica, Jo\u00e3o Manuel Gon\u00e7alves Louren\u00e7o, encontra-se na prov\u00edncia do Cunene, onde cumpre uma visita de trabalho de dois dias, no \u00e2mbito da qual inaugurou o Centro da Juventude \u201cOlukeno\u201d e as barragens de Ndue e Calucuve, constru\u00eddas no \u00e2mbito do Programa de combate \u00e0 Seca na regi\u00e3o. <\/p>\n\n\n\n<p>Estas inaugura\u00e7\u00f5es seguem-se a um somat\u00f3rio de obras j\u00e1 concretizadas de fundamental alcance, amplamente reconhecidas e felicitadas pelas Na\u00e7\u00f5es Unidas e outras institui\u00e7\u00f5es internacionais de grande prest\u00edgio, resolvendo um longo problema de estiagem cr\u00f3nica que afetava a regi\u00e3o \u00e1rida do Cunene e, por acr\u00e9scimo, comunidades do Norte da Nam\u00edbia, facilitando a vida das popula\u00e7\u00f5es e a pastor\u00edcia, riqueza tradicional inquestion\u00e1vel dos Cuanhamas. Ao longo do tempo, esta regi\u00e3o era fustigada por secas severas. <\/p>\n\n\n\n<p>Esta conquista, determinada por este Governo, al\u00e9m de amenizar a situa\u00e7\u00e3o, vai promover o sedentarismo das popula\u00e7\u00f5es, que perdiam muito tempo em desloca\u00e7\u00f5es em busca de \u00e1gua, muitas vezes sem sucesso.<\/p>\n\n\n\n<p>Felizmente para a nossa Angola, a transforma\u00e7\u00e3o pragm\u00e1tica no MPLA iniciada por Jo\u00e3o Louren\u00e7o, desde 2017, deu os primeiros frutos na governa\u00e7\u00e3o e renovou a cren\u00e7a da cidadania. <\/p>\n\n\n\n<p>Em 2022, foi renovada e refor\u00e7ada a confian\u00e7a inequ\u00edvoca no rumo ent\u00e3o tra\u00e7ado, que mudou o panorama das obras inacabadas e da aus\u00eancia gritante de estrat\u00e9gia de desenvolvimento. <\/p>\n\n\n\n<p>Entr\u00e1mos num novo ciclo que n\u00e3o pode ser interrompido, pois \u00e9 necess\u00e1rio, em 2027, dar continuidade ao investimento social, econ\u00f3mico e \u00e0 forma\u00e7\u00e3o e qualifica\u00e7\u00e3o de quadros nacionais capazes de erguer uma cidadania cada vez mais participativa na constru\u00e7\u00e3o do futuro.<\/p>\n\n\n\n<p>Os desafios s\u00e3o muitos. No espectro pol\u00edtico nacional, a aus\u00eancia de uma oposi\u00e7\u00e3o cred\u00edvel, que transmita confian\u00e7a e possua um projeto identit\u00e1rio, dificulta a consolida\u00e7\u00e3o democr\u00e1tica, constituindo uma fonte inesgot\u00e1vel de instabilidade. \u00c9 aqui que persiste a separa\u00e7\u00e3o de \u00e1guas: o l\u00edder da oposi\u00e7\u00e3o \u00e9 um hino \u00e0 demagogia, enveredando cada vez mais por um caminho sinuoso, com sinais evidentes de depress\u00e3o e uma encena\u00e7\u00e3o de vitimiza\u00e7\u00e3o perigosa, porquanto \u00e9 um feiti\u00e7o que pode virar-se contra o feiticeiro.<\/p>\n\n\n\n<p>Sempre que h\u00e1 um acontecimento de relevo nacional, como a desloca\u00e7\u00e3o do Senhor Presidente da Rep\u00fablica ao Cunene, os estrategas da UNITA, na Vila Alice, na Rua Feliciano Castilho, arranjam uma atoarda para tentar desvalorizar a a\u00e7\u00e3o do Governo. <\/p>\n\n\n\n<p>Os aven\u00e7ados disseminaram uma daquelas encena\u00e7\u00f5es t\u00edpicas do &#8220;Galo Negro&#8221;, algo que est\u00e1 no seu ADN e se revela quando a dificuldade vem \u00e0 tona. Neste contexto, o servi\u00e7al Jos\u00e9 Gama liderou a narrativa de que o Governo e o MPLA teriam montado uma emboscada no estrangeiro, em tr\u00eas locais, para atentar contra a vida de Adalberto Costa J\u00fanior.Ora, ACJ (&#8220;Betinho&#8221;) politicamente suicidou-se em 2022; encontra-se em coma pol\u00edtico e empresta a sua voz aos des\u00edgnios dos capatazes da coutada de Lukamba &#8220;Miau&#8221; Gato que, fiel \u00e0 maneira de Jonas Savimbi, pode bem ser o art\u00edfice da queda do seu atual l\u00edder para culpar o MPLA e colocar no poder algu\u00e9m da linhagem heredit\u00e1ria da grande fam\u00edlia. <\/p>\n\n\n\n<p>Nos pr\u00f3ximos tempos, ainda em 2026, assistiremos a um desfile carnavalesco engalanado de verde e encarnado, em galas destinadas a impressionar e provocar medo. \u00c9 uma t\u00e1tica gasta e cansada, que a cidadania observa com ceticismo, pois o terror seguiu-se logo ap\u00f3s a morte do ditador fundador. <\/p>\n\n\n\n<p>Da\u00ed que, em sil\u00eancio, o autointitulado herdeiro, Lukamba &#8220;Miau&#8221; Gato, tenha sido humilhado pelas bases amarradas\u00a0ao sofrimento e medo, na primeira elei\u00e7\u00e3o para a lideran\u00e7a do partido na era p\u00f3s-Savimbi, e ainda mais humilhado quando foi derrotado pela segunda vez por Isa\u00edas Samakuva, quando j\u00e1 cantava vit\u00f3ria.<\/p>\n\n\n\n<p>Jo\u00e3o Louren\u00e7o e o seu Governo s\u00e3o o Essencial para que se cumpra o rumo transformador. ACJ (&#8220;Betinho&#8221;) e os seus mandantes s\u00e3o o Acess\u00f3rio, incapazes de acompanhar a exig\u00eancia do momento; falta-lhes urbanismo e liberdade, e a sua evidente depend\u00eancia seria, se chegassem ao poder, um desastre para Angola, movidos que est\u00e3o por uma \u00e2nsia de vingan\u00e7a que lhes \u00e9 intr\u00ednseca. <\/p>\n\n\n\n<p>Vamos dar continuidade, com cren\u00e7a e esperan\u00e7a, a cumprir a Nova Rep\u00fablica.<\/p>\n","protected":false},"excerpt":{"rendered":"<p>Mais do que nunca, quando a demagogia e a fraude partid\u00e1ria se vestem de cores vivas para enganar os escombros de uma travessia inconsistente e camale\u00f3nica, conv\u00e9m, com factos, separar as \u00e1guas. O Senhor Presidente da Rep\u00fablica, Jo\u00e3o Manuel Gon\u00e7alves Louren\u00e7o, encontra-se na prov\u00edncia do Cunene, onde cumpre uma visita de trabalho de dois dias, [&hellip;]<\/p>\n","protected":false},"author":5,"featured_media":16812,"comment_status":"closed","ping_status":"closed","sticky":false,"template":"","format":"standard","meta":{"inline_featured_image":false,"footnotes":""},"categories":[44,105,21],"tags":[491,89,24,33,145],"class_list":["post-16811","post","type-post","status-publish","format-standard","has-post-thumbnail","hentry","category-artigo-de-abertura","category-noticias","category-opiniao","tag-acj","tag-angola","tag-galo-negro","tag-joao-lourenco","tag-presidente-da-republica"],"_links":{"self":[{"href":"https:\/\/tribunadeangola.org\/index.php?rest_route=\/wp\/v2\/posts\/16811","targetHints":{"allow":["GET"]}}],"collection":[{"href":"https:\/\/tribunadeangola.org\/index.php?rest_route=\/wp\/v2\/posts"}],"about":[{"href":"https:\/\/tribunadeangola.org\/index.php?rest_route=\/wp\/v2\/types\/post"}],"author":[{"embeddable":true,"href":"https:\/\/tribunadeangola.org\/index.php?rest_route=\/wp\/v2\/users\/5"}],"replies":[{"embeddable":true,"href":"https:\/\/tribunadeangola.org\/index.php?rest_route=%2Fwp%2Fv2%2Fcomments&post=16811"}],"version-history":[{"count":1,"href":"https:\/\/tribunadeangola.org\/index.php?rest_route=\/wp\/v2\/posts\/16811\/revisions"}],"predecessor-version":[{"id":16813,"href":"https:\/\/tribunadeangola.org\/index.php?rest_route=\/wp\/v2\/posts\/16811\/revisions\/16813"}],"wp:featuredmedia":[{"embeddable":true,"href":"https:\/\/tribunadeangola.org\/index.php?rest_route=\/wp\/v2\/media\/16812"}],"wp:attachment":[{"href":"https:\/\/tribunadeangola.org\/index.php?rest_route=%2Fwp%2Fv2%2Fmedia&parent=16811"}],"wp:term":[{"taxonomy":"category","embeddable":true,"href":"https:\/\/tribunadeangola.org\/index.php?rest_route=%2Fwp%2Fv2%2Fcategories&post=16811"},{"taxonomy":"post_tag","embeddable":true,"href":"https:\/\/tribunadeangola.org\/index.php?rest_route=%2Fwp%2Fv2%2Ftags&post=16811"}],"curies":[{"name":"wp","href":"https:\/\/api.w.org\/{rel}","templated":true}]}}