{"id":16800,"date":"2026-09-02T08:53:10","date_gmt":"2026-09-02T07:53:10","guid":{"rendered":"https:\/\/tribunadeangola.org\/?p=16800"},"modified":"2026-09-02T08:53:10","modified_gmt":"2026-09-02T07:53:10","slug":"a-febre-do-medo","status":"publish","type":"post","link":"https:\/\/tribunadeangola.org\/?p=16800","title":{"rendered":"A Febre do Medo"},"content":{"rendered":"\n<p><br>\u00a0<br>Lan\u00e7am estrat\u00e9gias de certezas naquilo em que mais acreditam: que o Povo que vota n\u00e3o confia neles, e os que lhes eram fi\u00e9is est\u00e3o fragmentados entre a UNITA, o PRA-JA, e o descontentamento vis\u00edvel das bases, como foi evidente no anivers\u00e1rio dos 82 anos de Isa\u00edas Samakuva, marcado pelas presen\u00e7as importantes de pesos pesados como Alcides Sakala, Jos\u00e9 Pedro Kachiungo e Rafael Savimbi em representa\u00e7\u00e3o da fam\u00edlia do fundador, ostracizada.<br>\u00c9 neste oceano tempestuoso que desaguam as correntes caudalosas das certezas que geram ins\u00f3nias e del\u00edrios. Em cada ato normal das prerrogativas do Senhor Presidente da Rep\u00fablica, desenham-se cenas de terror, catapultando a oposi\u00e7\u00e3o pol\u00edtica para patamares insultuosos, insinua\u00e7\u00f5es abusivas e desafiadoras da normalidade democr\u00e1tica.<br>O l\u00edder deprimido e subserviente, o bacharel, tirano, psicopata e intruj\u00e3o Adalberto Costa J\u00fanior, &#8220;Betinho&#8221;, e o monarca Mbundo, racista, xen\u00f3fobo e separatista, disseminam com intensidade crescente uma doutrina pr\u00e9-revolucion\u00e1ria que consiste no preparativo de uma insurrei\u00e7\u00e3o face \u00e0 derrota em perspectiva. N\u00e3o pode ser menosprezado este preceito, muito menos deixado alastrar. Jo\u00e3o Manuel Gon\u00e7alves Louren\u00e7o \u00e9 o epicentro do \u00f3dio dessa gentalha comprometida com hipotecas e promessas que, a cumprirem-se, seriam desastrosas para Angola e para todos os angolanos.<br>A chave deste imbr\u00f3glio funesto est\u00e1 centrada na capital e em todo o Icolo e Bengo. A press\u00e3o demogr\u00e1fica, j\u00e1 de si ingovern\u00e1vel, em vez de desanuviar, \u00e9 cada vez mais densa. A filosofia de Pierre-Joseph Proudhon e a teoria de Peter Kropotkin emprestam ao Galo Negro a alma da a\u00e7\u00e3o anarquista, depois de tantos anos em que, com o medo, conseguiram implantar a servid\u00e3o volunt\u00e1ria de \u00c9tienne de La Bo\u00e9tie.<br>Aproxima-se o Congresso do MPLA. Vai viver-se um momento de elevada responsabilidade hist\u00f3rica e patri\u00f3tica. A Independ\u00eancia, a Integridade Territorial, a Democracia Liberal, a Paz e a Normalidade do Estado, no executivo, no legislativo, no judicial e nas For\u00e7as Armadas, s\u00e3o etapas que consolidaram a estabilidade desde 2017, escrutinada e refor\u00e7ada em 2022. O Partido tem a responsabilidade de n\u00e3o criar sobressaltos internos, para que se cumpra a meta em 2027 de promover uma ampla Revis\u00e3o Constitucional e implantar com liberdade e esperan\u00e7a a Nova Rep\u00fablica.<\/p>\n","protected":false},"excerpt":{"rendered":"<p>\u00a0Lan\u00e7am estrat\u00e9gias de certezas naquilo em que mais acreditam: que o Povo que vota n\u00e3o confia neles, e os que lhes eram fi\u00e9is est\u00e3o fragmentados entre a UNITA, o PRA-JA, e o descontentamento vis\u00edvel das bases, como foi evidente no anivers\u00e1rio dos 82 anos de Isa\u00edas Samakuva, marcado pelas presen\u00e7as importantes de pesos pesados como [&hellip;]<\/p>\n","protected":false},"author":5,"featured_media":16801,"comment_status":"closed","ping_status":"closed","sticky":false,"template":"","format":"standard","meta":{"inline_featured_image":false,"footnotes":""},"categories":[44,21],"tags":[491,89,25],"class_list":["post-16800","post","type-post","status-publish","format-standard","has-post-thumbnail","hentry","category-artigo-de-abertura","category-opiniao","tag-acj","tag-angola","tag-unita"],"_links":{"self":[{"href":"https:\/\/tribunadeangola.org\/index.php?rest_route=\/wp\/v2\/posts\/16800","targetHints":{"allow":["GET"]}}],"collection":[{"href":"https:\/\/tribunadeangola.org\/index.php?rest_route=\/wp\/v2\/posts"}],"about":[{"href":"https:\/\/tribunadeangola.org\/index.php?rest_route=\/wp\/v2\/types\/post"}],"author":[{"embeddable":true,"href":"https:\/\/tribunadeangola.org\/index.php?rest_route=\/wp\/v2\/users\/5"}],"replies":[{"embeddable":true,"href":"https:\/\/tribunadeangola.org\/index.php?rest_route=%2Fwp%2Fv2%2Fcomments&post=16800"}],"version-history":[{"count":1,"href":"https:\/\/tribunadeangola.org\/index.php?rest_route=\/wp\/v2\/posts\/16800\/revisions"}],"predecessor-version":[{"id":16802,"href":"https:\/\/tribunadeangola.org\/index.php?rest_route=\/wp\/v2\/posts\/16800\/revisions\/16802"}],"wp:featuredmedia":[{"embeddable":true,"href":"https:\/\/tribunadeangola.org\/index.php?rest_route=\/wp\/v2\/media\/16801"}],"wp:attachment":[{"href":"https:\/\/tribunadeangola.org\/index.php?rest_route=%2Fwp%2Fv2%2Fmedia&parent=16800"}],"wp:term":[{"taxonomy":"category","embeddable":true,"href":"https:\/\/tribunadeangola.org\/index.php?rest_route=%2Fwp%2Fv2%2Fcategories&post=16800"},{"taxonomy":"post_tag","embeddable":true,"href":"https:\/\/tribunadeangola.org\/index.php?rest_route=%2Fwp%2Fv2%2Ftags&post=16800"}],"curies":[{"name":"wp","href":"https:\/\/api.w.org\/{rel}","templated":true}]}}