{"id":16384,"date":"2026-04-29T12:39:01","date_gmt":"2026-04-29T11:39:01","guid":{"rendered":"https:\/\/tribunadeangola.org\/?p=16384"},"modified":"2026-04-29T13:34:52","modified_gmt":"2026-04-29T12:34:52","slug":"carneiradas","status":"publish","type":"post","link":"https:\/\/tribunadeangola.org\/?p=16384","title":{"rendered":"Carneiradas"},"content":{"rendered":"\n<p>O manifesto pr\u00e9-eleitoral apresentado por Higino Carneiro revela\u2011se um exerc\u00edcio de enumera\u00e7\u00e3o program\u00e1tica sem densidade estrat\u00e9gica, marcado por generalidades que poderiam ser proclamadas em Angola, na Patag\u00f3nia ou em qualquer outro ponto do globo. <\/p>\n\n\n\n<p>Provavelmente, foi feito pela intelig\u00eancia artificial.<\/p>\n\n\n\n<p>A sua estrutura assenta numa lista extensa de inten\u00e7\u00f5es sem qualquer uma narrativa mobilizadora de prioridades claras e de um entendimento realista das condi\u00e7\u00f5es institucionais e econ\u00f3micas do pa\u00eds. <\/p>\n\n\n\n<p>O resultado \u00e9 um documento que promete tudo e compromete\u2011se com pouco, incapaz de gerar confian\u00e7a ou de demonstrar capacidade de execu\u00e7\u00e3o.<\/p>\n\n\n\n<p>A proposta de gerir simultaneamente vinte programas distintos ilustra bem esta desconex\u00e3o. <\/p>\n\n\n\n<p>Em vez de apresentar um plano coerente, o manifesto acumula iniciativas que, somadas, criam uma sobrecarga operacional imposs\u00edvel de sustentar no Or\u00e7amento Geral do Estado. <\/p>\n\n\n\n<p>A dispers\u00e3o de recursos impede que qualquer sector atinja a massa cr\u00edtica necess\u00e1ria para transformar realidades. <\/p>\n\n\n\n<p>Esta fragmenta\u00e7\u00e3o n\u00e3o traduz vis\u00e3o; traduz aus\u00eancia de escolhas. Uma salada para todos comerem e nada ficar, como \u00e9 h\u00e1bito nas actividades de Carneiro.<\/p>\n\n\n\n<p>Outro ponto  \u00e9 a promessa de instaurar meritocracia e p\u00f4r fim \u00e0 \u201cfidelidade cega\u201d. <\/p>\n\n\n\n<p>Embora a inten\u00e7\u00e3o seja positiva, o manifesto ignora a resist\u00eancia previs\u00edvel das elites instaladas e a complexidade de uma transi\u00e7\u00e3o desse tipo. <\/p>\n\n\n\n<p>Sem mecanismos concretos, sem calend\u00e1rios e sem instrumentos de responsabiliza\u00e7\u00e3o, a proposta torna\u2011se apenas ret\u00f3rica. <\/p>\n\n\n\n<p>A tens\u00e3o entre inten\u00e7\u00e3o e viabilidade \u00e9 evidente, e o documento n\u00e3o oferece solu\u00e7\u00f5es para a fragmenta\u00e7\u00e3o interna que inevitavelmente Carneiro est\u00e1 a promover.<\/p>\n\n\n\n<p>Tamb\u00e9m no plano econ\u00f3mico, o manifesto apresenta fragilidades estruturais. <\/p>\n\n\n\n<p><\/p>\n\n\n\n<p>A aposta na agricultura e nas minas continua dependente da receita petrol\u00edfera, sem salvaguardas contra a volatilidade cambial.<\/p>\n\n\n\n<p> A aus\u00eancia de medidas expl\u00edcitas de justi\u00e7a fiscal no sector mineiro repete os v\u00edcios do modelo rentista que Angola tenta superar h\u00e1 d\u00e9cadas. <\/p>\n\n\n\n<p>A promessa de diversifica\u00e7\u00e3o, assim formulada, n\u00e3o passa de um slogan. Conversa fiada.<\/p>\n\n\n\n<p>Por fim, o manifesto subestima o fosso entre inten\u00e7\u00e3o e implementa\u00e7\u00e3o. <\/p>\n\n\n\n<p>A burocracia instalada, a falta de interoperabilidade administrativa e a resist\u00eancia institucional s\u00e3o tratadas como obst\u00e1culos menores, quando na verdade constituem o n\u00facleo do problema. Sem enfrentar estas barreiras, qualquer promessa de desburocratiza\u00e7\u00e3o e digitaliza\u00e7\u00e3o permanece no dom\u00ednio da conversa fiada.<\/p>\n\n\n\n<p>O resultado final \u00e9 um documento que enumera ambi\u00e7\u00f5es, mas n\u00e3o constr\u00f3i caminhos. <\/p>\n\n\n\n<p>Falta\u2011lhe rigor, falta\u2011lhe estrat\u00e9gia e falta\u2011lhe, sobretudo, a capacidade de mobilizar. <\/p>\n\n\n\n<p>N\u00e3o vale nada.<\/p>\n","protected":false},"excerpt":{"rendered":"<p>O manifesto pr\u00e9-eleitoral apresentado por Higino Carneiro revela\u2011se um exerc\u00edcio de enumera\u00e7\u00e3o program\u00e1tica sem densidade estrat\u00e9gica, marcado por generalidades que poderiam ser proclamadas em Angola, na Patag\u00f3nia ou em qualquer outro ponto do globo. Provavelmente, foi feito pela intelig\u00eancia artificial. A sua estrutura assenta numa lista extensa de inten\u00e7\u00f5es sem qualquer uma narrativa mobilizadora de [&hellip;]<\/p>\n","protected":false},"author":8,"featured_media":12537,"comment_status":"closed","ping_status":"closed","sticky":false,"template":"","format":"standard","meta":{"inline_featured_image":false,"footnotes":""},"categories":[44,105,21],"tags":[89],"class_list":["post-16384","post","type-post","status-publish","format-standard","has-post-thumbnail","hentry","category-artigo-de-abertura","category-noticias","category-opiniao","tag-angola"],"_links":{"self":[{"href":"https:\/\/tribunadeangola.org\/index.php?rest_route=\/wp\/v2\/posts\/16384","targetHints":{"allow":["GET"]}}],"collection":[{"href":"https:\/\/tribunadeangola.org\/index.php?rest_route=\/wp\/v2\/posts"}],"about":[{"href":"https:\/\/tribunadeangola.org\/index.php?rest_route=\/wp\/v2\/types\/post"}],"author":[{"embeddable":true,"href":"https:\/\/tribunadeangola.org\/index.php?rest_route=\/wp\/v2\/users\/8"}],"replies":[{"embeddable":true,"href":"https:\/\/tribunadeangola.org\/index.php?rest_route=%2Fwp%2Fv2%2Fcomments&post=16384"}],"version-history":[{"count":1,"href":"https:\/\/tribunadeangola.org\/index.php?rest_route=\/wp\/v2\/posts\/16384\/revisions"}],"predecessor-version":[{"id":16385,"href":"https:\/\/tribunadeangola.org\/index.php?rest_route=\/wp\/v2\/posts\/16384\/revisions\/16385"}],"wp:featuredmedia":[{"embeddable":true,"href":"https:\/\/tribunadeangola.org\/index.php?rest_route=\/wp\/v2\/media\/12537"}],"wp:attachment":[{"href":"https:\/\/tribunadeangola.org\/index.php?rest_route=%2Fwp%2Fv2%2Fmedia&parent=16384"}],"wp:term":[{"taxonomy":"category","embeddable":true,"href":"https:\/\/tribunadeangola.org\/index.php?rest_route=%2Fwp%2Fv2%2Fcategories&post=16384"},{"taxonomy":"post_tag","embeddable":true,"href":"https:\/\/tribunadeangola.org\/index.php?rest_route=%2Fwp%2Fv2%2Ftags&post=16384"}],"curies":[{"name":"wp","href":"https:\/\/api.w.org\/{rel}","templated":true}]}}