{"id":16377,"date":"2026-04-26T12:03:46","date_gmt":"2026-04-26T11:03:46","guid":{"rendered":"https:\/\/tribunadeangola.org\/?p=16377"},"modified":"2026-04-26T12:07:16","modified_gmt":"2026-04-26T11:07:16","slug":"a-prisioneira","status":"publish","type":"post","link":"https:\/\/tribunadeangola.org\/?p=16377","title":{"rendered":"A Prisioneira\u00a0"},"content":{"rendered":"\n<p><\/p>\n\n\n\n<p>O dinheiro n\u00e3o tem rosto, as notas e moedas s\u00e3o umas vadias milenares, n\u00e3o tem fronteiras nem identidade, compra tudo, luxos, etiquetas, abre portas, tanta coisa cega a vaidade, ilude impunidade, subverte tantas verdades, mas h\u00e1 uma que ningu\u00e9m compra, o medo, esse terr\u00edvel sentimento que assusta quando a campainha toca, quando o correio chega, quando sirene da pol\u00edcia passa ao lado, que tira muitas noites de sono porque a almofada silenciosa pressente&nbsp;a alma inquieta e belisca o subconsciente tomado pela culpa.<br>Isabel dos Santos, ao contr\u00e1rio do que tenta transmitir com festas ef\u00e9meras rodeada de falsos amigos atra\u00eddos por mordomias, tenta na ressaca do dia seguinte, rodeada por advogados pagos a peso de ouro, livrar-se da pris\u00e3o de luxo Dubai, e n\u00e3o est\u00e1 f\u00e1cil. Com casas luxuosas \u00e0 espera dela em diversos destinos, falta-lhe a liberdade e sobra-lhe cada vez mais depress\u00e3o, stress de fixa\u00e7\u00e3o traum\u00e1tica, tem de se apresentar mensalmente \u00e0s autoridades e s\u00f3 pode deslocar-se&nbsp;Abu Dabi, Dubai, Xarja, Ajm\u00e3, Calu\u00e3o, Recoima e Fujeira, e qualquer fuga implica em perder todo o seu patrim\u00f3nio nos Emirados \u00c1rabes Unidos.<br>Quanto pagaria Isabel dos Santos pela sua&nbsp;liberdade? O que daria Isabel&nbsp;dos Santos, para desfrutar das praias da ilha de Luanda, do Mussulo, e poder viajar pelo mundo inteiro? N\u00e3o perdeu a oportunidade, Isabel dos Santos, de ter prestado contas \u00e0 justi\u00e7a angolana e estar hoje livre com a oportunidade de poder mostrar que seria capaz de ser uma grande empres\u00e1ria sem ajuda do pai? Ou falta-lhe a Sonangol e o Er\u00e1rio P\u00fablico?<br>Isabel dos Santos cometeu um erro de c\u00e1lculo, foi ou deixou-se ser ludibriada pela pela percep\u00e7\u00e3o de que a UNITA poderia ser governo em 2022, foi na eterna conversa do Galo Negro das vit\u00f3rias antecipadas, mas a realidade que o tempo lhe colocou perante factos indesment\u00edveis, mostram-lhe que apostou no cavalo errado, e a pris\u00e3o de luxo est\u00e1 a transformar-se no inferno onde a mente vai ardendo em lume brando at\u00e9 que ter\u00e1 de optar entre a verdade e a mentira.<br>Ningu\u00e9m exilado, mesmo reis, pr\u00edncipes, milion\u00e1rios, generais, ministros, banqueiros, n\u00e3o comecem e definhar com o cora\u00e7\u00e3o a ser a\u00e7oitado pela saudade, e a alma a ser acossada pela nostalgia de um poder ausente e insubstitu\u00edvel, a terra e o sangue. Todos n\u00f3s temos ra\u00edzes, somos uma \u00e1rvore que precisa ser regada, com cultura, gastronomia, aromas, recorda\u00e7\u00f5es, \u00e9 este o verdadeiro inferno quando nos \u00e9 negado pela nossa pr\u00f3pria culpa.<br>H\u00e1 muita gente angolana que foi longe demais com o bem alheio, e o maior pecado foi o esbanjamento, o exibicionismo, a falta de respeito por uma cidadania que sofreu e&nbsp;est\u00e1 a&nbsp;sofrer, a quem um grupo de corruptos tentou passar com prepot\u00eancia um atestado de menoridade. Tudo tem princ\u00edpio e fim, Isabel dos Santos, na ressaca do mirabolante festejo dos seus 53 anos, mergulhou na solid\u00e3o da culpa que corr\u00f3i a consci\u00eancia, j\u00e1 atingiu o fim do princ\u00edpio, entrou na fase irremedi\u00e1vel do princ\u00edpio do fim.<br>\u00c9 tamb\u00e9m com esta realidade que nos cora\u00e7\u00f5es do meu ch\u00e3o floresce a esperan\u00e7a com as cores da liberdade e tonalidades de uma Nova Rep\u00fablica.<\/p>\n","protected":false},"excerpt":{"rendered":"<p>O dinheiro n\u00e3o tem rosto, as notas e moedas s\u00e3o umas vadias milenares, n\u00e3o tem fronteiras nem identidade, compra tudo, luxos, etiquetas, abre portas, tanta coisa cega a vaidade, ilude impunidade, subverte tantas verdades, mas h\u00e1 uma que ningu\u00e9m compra, o medo, esse terr\u00edvel sentimento que assusta quando a campainha toca, quando o correio chega, [&hellip;]<\/p>\n","protected":false},"author":5,"featured_media":16378,"comment_status":"closed","ping_status":"closed","sticky":false,"template":"","format":"standard","meta":{"inline_featured_image":false,"footnotes":""},"categories":[44,105,21],"tags":[89,39],"class_list":["post-16377","post","type-post","status-publish","format-standard","has-post-thumbnail","hentry","category-artigo-de-abertura","category-noticias","category-opiniao","tag-angola","tag-isabel-dos-santos"],"_links":{"self":[{"href":"https:\/\/tribunadeangola.org\/index.php?rest_route=\/wp\/v2\/posts\/16377","targetHints":{"allow":["GET"]}}],"collection":[{"href":"https:\/\/tribunadeangola.org\/index.php?rest_route=\/wp\/v2\/posts"}],"about":[{"href":"https:\/\/tribunadeangola.org\/index.php?rest_route=\/wp\/v2\/types\/post"}],"author":[{"embeddable":true,"href":"https:\/\/tribunadeangola.org\/index.php?rest_route=\/wp\/v2\/users\/5"}],"replies":[{"embeddable":true,"href":"https:\/\/tribunadeangola.org\/index.php?rest_route=%2Fwp%2Fv2%2Fcomments&post=16377"}],"version-history":[{"count":1,"href":"https:\/\/tribunadeangola.org\/index.php?rest_route=\/wp\/v2\/posts\/16377\/revisions"}],"predecessor-version":[{"id":16379,"href":"https:\/\/tribunadeangola.org\/index.php?rest_route=\/wp\/v2\/posts\/16377\/revisions\/16379"}],"wp:featuredmedia":[{"embeddable":true,"href":"https:\/\/tribunadeangola.org\/index.php?rest_route=\/wp\/v2\/media\/16378"}],"wp:attachment":[{"href":"https:\/\/tribunadeangola.org\/index.php?rest_route=%2Fwp%2Fv2%2Fmedia&parent=16377"}],"wp:term":[{"taxonomy":"category","embeddable":true,"href":"https:\/\/tribunadeangola.org\/index.php?rest_route=%2Fwp%2Fv2%2Fcategories&post=16377"},{"taxonomy":"post_tag","embeddable":true,"href":"https:\/\/tribunadeangola.org\/index.php?rest_route=%2Fwp%2Fv2%2Ftags&post=16377"}],"curies":[{"name":"wp","href":"https:\/\/api.w.org\/{rel}","templated":true}]}}