{"id":16235,"date":"2026-03-14T15:08:18","date_gmt":"2026-03-14T14:08:18","guid":{"rendered":"https:\/\/tribunadeangola.org\/?p=16235"},"modified":"2026-03-20T10:24:56","modified_gmt":"2026-03-20T09:24:56","slug":"mudos-e-entalados","status":"publish","type":"post","link":"https:\/\/tribunadeangola.org\/?p=16235","title":{"rendered":"Mudos e Entalados"},"content":{"rendered":"\n<p><\/p>\n\n\n\n<p>As c\u00e9lulas pensantes vagueiam aflitas na sua vacuidade, tentam reagir mas sem argumentos nem os s\u00e1bios encontram mat\u00e9ria para atingir as autoridades de Seguran\u00e7a do Estado, Publica, e a a\u00e7\u00e3o Judicial, nos casos aqui trazidos pelo nosso director, que sei de fontes seguras, t\u00eam na Tribuna de Angola um farol \u00e0 frente da verdade pela coer\u00eancia que rege o seu posicionamento, o rigor jornal\u00edstico e afirma\u00e7\u00e3o patri\u00f3tica.<br>Os casos apontados, factuais, aqui referidos com min\u00facia, levam-nos a repeti\u00e7\u00f5es metodol\u00f3gicas noutras paragens, com a agravante de aos \u00edmpetos russos se juntarem c\u00famplices intermedi\u00e1rios estrangeiros e nacionais, que obrigam a uma triagem criteriosa do pr\u00f3prio investimento estrangeiros, em defesa dos interesses de Angola e dos angolanos e da integridade nacional.<br>N\u00e3o quer com isso, que a an\u00e1lise pol\u00edtica, diferenciada da econ\u00f3mica e de seguran\u00e7a, leve, como parece ser a leveza anal\u00edtica do centro da oposi\u00e7\u00e3o e seus sequazes. <\/p>\n\n\n\n<p>N\u00e3o podemos confundir a R\u00fassia com Vladimir Putin, como n\u00e3o podemos confundir os Estados Unidos da Am\u00e9rica com Donald Trump, houve muito antes deles e haver\u00e1 muito mais para al\u00e9m dos mesmos, mas o facto que termos um mundo cada vez mais musculado com vari\u00e1veis incertas e surpresas que se sucedem, \u00e9 uma mais valia a pol\u00edtica de equidist\u00e2ncia encetada a tempo pelo Senhor Presidente da Rep\u00fablica, e \u00e9 fundamental prosseguir a din\u00e2mica da busca incessante da auto-sufici\u00eancia, j\u00e1 atingida na produ\u00e7\u00e3o de energia, motor fundamental do desenvolvimento.<br>No seguimento do Pa\u00eds global, tivemos a confirma\u00e7\u00e3o do Congresso Ordin\u00e1rio do MPLA marcado para 9 e 10 de Dezembro, que contempla a elei\u00e7\u00e3o do Presidente do Partido. 3.000 mil almas insond\u00e1veis e inating\u00edveis na sua liberdade ir\u00e3o dar o seu veredicto, \u00e9 um exerc\u00edcio de democracia abrangente a todo o territ\u00f3rio nacional, \u00e9 a express\u00e3o de uma unidade na diversidade que abra\u00e7a o sentimento patri\u00f3tico de uma reserva de fidelidade \u00e0 Na\u00e7\u00e3o que abra\u00e7a a angolanidade desde 1961, um pioneirismo com 65 anos, uma idade justa e leg\u00edtima que sob a lideran\u00e7a experiente de Jo\u00e3o Manuel Gon\u00e7alves Louren\u00e7o, ir\u00e1 saber renovar-se e conduzir-nos com brio, galhardia e esperan\u00e7a, \u00e0 alvorada da Nova Rep\u00fablica.<\/p>\n","protected":false},"excerpt":{"rendered":"<p>As c\u00e9lulas pensantes vagueiam aflitas na sua vacuidade, tentam reagir mas sem argumentos nem os s\u00e1bios encontram mat\u00e9ria para atingir as autoridades de Seguran\u00e7a do Estado, Publica, e a a\u00e7\u00e3o Judicial, nos casos aqui trazidos pelo nosso director, que sei de fontes seguras, t\u00eam na Tribuna de Angola um farol \u00e0 frente da verdade pela [&hellip;]<\/p>\n","protected":false},"author":5,"featured_media":15469,"comment_status":"closed","ping_status":"closed","sticky":false,"template":"","format":"standard","meta":{"inline_featured_image":false,"footnotes":""},"categories":[105,21],"tags":[89],"class_list":["post-16235","post","type-post","status-publish","format-standard","has-post-thumbnail","hentry","category-noticias","category-opiniao","tag-angola"],"_links":{"self":[{"href":"https:\/\/tribunadeangola.org\/index.php?rest_route=\/wp\/v2\/posts\/16235","targetHints":{"allow":["GET"]}}],"collection":[{"href":"https:\/\/tribunadeangola.org\/index.php?rest_route=\/wp\/v2\/posts"}],"about":[{"href":"https:\/\/tribunadeangola.org\/index.php?rest_route=\/wp\/v2\/types\/post"}],"author":[{"embeddable":true,"href":"https:\/\/tribunadeangola.org\/index.php?rest_route=\/wp\/v2\/users\/5"}],"replies":[{"embeddable":true,"href":"https:\/\/tribunadeangola.org\/index.php?rest_route=%2Fwp%2Fv2%2Fcomments&post=16235"}],"version-history":[{"count":1,"href":"https:\/\/tribunadeangola.org\/index.php?rest_route=\/wp\/v2\/posts\/16235\/revisions"}],"predecessor-version":[{"id":16236,"href":"https:\/\/tribunadeangola.org\/index.php?rest_route=\/wp\/v2\/posts\/16235\/revisions\/16236"}],"wp:featuredmedia":[{"embeddable":true,"href":"https:\/\/tribunadeangola.org\/index.php?rest_route=\/wp\/v2\/media\/15469"}],"wp:attachment":[{"href":"https:\/\/tribunadeangola.org\/index.php?rest_route=%2Fwp%2Fv2%2Fmedia&parent=16235"}],"wp:term":[{"taxonomy":"category","embeddable":true,"href":"https:\/\/tribunadeangola.org\/index.php?rest_route=%2Fwp%2Fv2%2Fcategories&post=16235"},{"taxonomy":"post_tag","embeddable":true,"href":"https:\/\/tribunadeangola.org\/index.php?rest_route=%2Fwp%2Fv2%2Ftags&post=16235"}],"curies":[{"name":"wp","href":"https:\/\/api.w.org\/{rel}","templated":true}]}}