{"id":16229,"date":"2026-03-14T09:48:27","date_gmt":"2026-03-14T08:48:27","guid":{"rendered":"https:\/\/tribunadeangola.org\/?p=16229"},"modified":"2026-03-15T20:43:57","modified_gmt":"2026-03-15T19:43:57","slug":"o-devaneio-dos-aflitos","status":"publish","type":"post","link":"https:\/\/tribunadeangola.org\/?p=16229","title":{"rendered":"O Devaneio dos Aflitos"},"content":{"rendered":"\n<p><\/p>\n\n\n\n<p>O facto de Ana Dias Louren\u00e7o, com reconhecida capacidade profissional, intelectual e pol\u00edtica, ser esposa do Senhor Presidente da Rep\u00fablica e Presidente do MPLA, em nada inibe os seus direitos de cidadania, num pa\u00eds onde h\u00e1 um d\u00e9ficit de quadros qualificados, at\u00e9 dever\u00edamos saudar a disponibilidade\u00a0da Primeira Dama, em querer dar o seu contributo ao Partido e \u00e0 Na\u00e7\u00e3o.<br>Os contestat\u00e1rios s\u00e3o os mesmos de sempre, a banalidade da cr\u00edtica desvalorizou-a. Todos sabemos, \u00e9 cient\u00edfico, o medo atrofia e a d\u00favida provoca ansiedade que pode causar alucina\u00e7\u00f5es, hoje temos, infelizmente, em Angola, na di\u00e1spora e num grupo de contumazes foragidos, que se profissionalizaram no esc\u00e1rnio e mal dizer, fazendo disso um instrumento de sobreviv\u00eancia.<br>O monarca Mbundo, reizinho Lukamba &#8220;Miau&#8221; Gato, \u00e0 boa maneira do absolutismo ou padrinho da\u00a0m\u00e1fia napolitana, do seu trono adornado pelos lacaios Manuvakola e Dachala, estabeleceu a agenda das jornadas parlamentares e do anivers\u00e1rio do Movimento ap\u00f3s conclus\u00e3o do Acordo com o governo colonial estabelecido na escola prim\u00e1ria do Umpulo em Dezembro de 1965, representado pelo Comiss\u00e1rio Cardoso da OPVDCA &#8211; Organiza\u00e7\u00e3o Provincial dos Volunt\u00e1rios da Defesa Civil em Angola, levando atual l\u00edder subserviente, bacharel tirano psicopata, mais que intruj\u00e3o, ACJ &#8220;Betinho&#8221; de Quinjenge, com dois pontos fundamentais:<br>O primeiro, peca pelo desgaste de tantas vezes repetidos, a autarquias. \u00c9 natural que o monarca queira demarcar o seu reino, seria um come\u00e7o, mas o desvario \u00e9 tanto, a aus\u00eancia de uma proposta s\u00f3lida e coerente mostra uma leviandade que transformaria as autarquias numa ag\u00eancia indiscriminada de emprego n\u00e3o qualificado, criando assimetrias dr\u00e1sticas e destru\u00edndo por completo as finan\u00e7as do Estado. A regionaliza\u00e7\u00e3o e descentraliza\u00e7\u00e3o exige coordena\u00e7\u00e3o e paridades, algumas autonomias, de momento seria um desastre nacional. Al\u00e9m disto h\u00e1 o problema demogr\u00e1fico, a press\u00e3o sobre a capital tona-a ingovern\u00e1vel, e h\u00e1 lugares imensos no territ\u00f3rio que t\u00eam as suas gentes acotoveladas em Luanda e periferia, algo que s\u00f3 pode ser resolvido com um Pacto Nacional baseado na confian\u00e7a pol\u00edtica, algo imposs\u00edvel quando se enraizaram vit\u00f3rias antecipadas.<br>Outro ponto que seria um hino\u00a0\u00e0 com\u00e9dia pol\u00edtica, mas infelizmente \u00e9 um cap\u00edtulo tr\u00e1gico, \u00e9 o facto de no espa\u00e7o de 6 meses, o desnorte e a vacuidade terem revelado uma fragilidade das op\u00e7\u00f5es lan\u00e7adas publicamente, a UNITA come\u00e7ou pela Frente Unida Patri\u00f3tica para Altern\u00e2ncia (n\u00e3o alternativa) do Poder, falhada a tentativa pela indiferen\u00e7a nacional, seguiu-se a Ampla Frente Patri\u00f3tica, e agora com toda a pompa, na aus\u00eancia de uma \u00fanica proposta palp\u00e1vel, o l\u00edder subserviente do Galo Negro, vai anunciar a registo da empresa com nome FPU, com registo de patente de um produto vazio, uma rade para ver se panhas uma idiotas \u00fateis que aceitem a troco de uma vit\u00f3ria antecipada, apoiar a lista da UNITA \u00e0s pr\u00f3ximas elei\u00e7\u00f5es.<br>O parque infantil est\u00e1 aberto at\u00e9 Dezembro, o Pa\u00eds est\u00e1 \u00e0 espera do MPLA e das suas linhas rumo ao futuro, a responsabilidade dos cidad\u00e3os e a sabedoria popular enraizada na cultura, sabe que a diversidade s\u00f3 pode ser assegurada com democracia e liberdade, que o MPLA \u00e9 quem pode dar continuidade \u00e0s conquistas que tantos sacrif\u00edcios exigiram. Angola tem hoje um rumo, o progresso assente em reformas vis\u00edveis, floresce em todo o territ\u00f3rio, estamos a crescer, reconquistamos\u00a0a dignidade perdida, falta-nos cumprir a Reforma do Estado s\u00f3 poss\u00edvel com uma Nova Constitui\u00e7\u00e3o, e \u00e9 este caminho que Jo\u00e3o Manuel Gon\u00e7alves Louren\u00e7o, com um n\u00facleo de homens e mulheres capazes, est\u00e1 a palmilhar at\u00e9 que possamos atingir o desiderato de uma Nova Rep\u00fablica.<\/p>\n","protected":false},"excerpt":{"rendered":"<p>O facto de Ana Dias Louren\u00e7o, com reconhecida capacidade profissional, intelectual e pol\u00edtica, ser esposa do Senhor Presidente da Rep\u00fablica e Presidente do MPLA, em nada inibe os seus direitos de cidadania, num pa\u00eds onde h\u00e1 um d\u00e9ficit de quadros qualificados, at\u00e9 dever\u00edamos saudar a disponibilidade\u00a0da Primeira Dama, em querer dar o seu contributo ao [&hellip;]<\/p>\n","protected":false},"author":5,"featured_media":15008,"comment_status":"closed","ping_status":"closed","sticky":false,"template":"","format":"standard","meta":{"inline_featured_image":false,"footnotes":""},"categories":[105,21],"tags":[491,89,25],"class_list":["post-16229","post","type-post","status-publish","format-standard","has-post-thumbnail","hentry","category-noticias","category-opiniao","tag-acj","tag-angola","tag-unita"],"_links":{"self":[{"href":"https:\/\/tribunadeangola.org\/index.php?rest_route=\/wp\/v2\/posts\/16229","targetHints":{"allow":["GET"]}}],"collection":[{"href":"https:\/\/tribunadeangola.org\/index.php?rest_route=\/wp\/v2\/posts"}],"about":[{"href":"https:\/\/tribunadeangola.org\/index.php?rest_route=\/wp\/v2\/types\/post"}],"author":[{"embeddable":true,"href":"https:\/\/tribunadeangola.org\/index.php?rest_route=\/wp\/v2\/users\/5"}],"replies":[{"embeddable":true,"href":"https:\/\/tribunadeangola.org\/index.php?rest_route=%2Fwp%2Fv2%2Fcomments&post=16229"}],"version-history":[{"count":1,"href":"https:\/\/tribunadeangola.org\/index.php?rest_route=\/wp\/v2\/posts\/16229\/revisions"}],"predecessor-version":[{"id":16230,"href":"https:\/\/tribunadeangola.org\/index.php?rest_route=\/wp\/v2\/posts\/16229\/revisions\/16230"}],"wp:featuredmedia":[{"embeddable":true,"href":"https:\/\/tribunadeangola.org\/index.php?rest_route=\/wp\/v2\/media\/15008"}],"wp:attachment":[{"href":"https:\/\/tribunadeangola.org\/index.php?rest_route=%2Fwp%2Fv2%2Fmedia&parent=16229"}],"wp:term":[{"taxonomy":"category","embeddable":true,"href":"https:\/\/tribunadeangola.org\/index.php?rest_route=%2Fwp%2Fv2%2Fcategories&post=16229"},{"taxonomy":"post_tag","embeddable":true,"href":"https:\/\/tribunadeangola.org\/index.php?rest_route=%2Fwp%2Fv2%2Ftags&post=16229"}],"curies":[{"name":"wp","href":"https:\/\/api.w.org\/{rel}","templated":true}]}}