{"id":16204,"date":"2026-03-08T15:57:00","date_gmt":"2026-03-08T14:57:00","guid":{"rendered":"https:\/\/tribunadeangola.org\/?p=16204"},"modified":"2026-03-11T21:24:52","modified_gmt":"2026-03-11T20:24:52","slug":"viagem-presidencial","status":"publish","type":"post","link":"https:\/\/tribunadeangola.org\/?p=16204","title":{"rendered":"Viagem Presidencial"},"content":{"rendered":"\n<p><\/p>\n\n\n\n<p>Sua Excel\u00eancia Senhor Presidente&nbsp; da Rep\u00fablica&nbsp;de Angola, Jo\u00e3o Manuel Gon\u00e7alves Louren\u00e7o, viaja para&nbsp;Lisboa onde hoje e amanh\u00e3&nbsp;pela manh\u00e3, confluem v\u00e1rios Chefes de Estado e&nbsp;de Governo, da Europa, de \u00c1frica e de outras paragens intercontinentais, que&nbsp;ir\u00e3o com&nbsp;a sua&nbsp;presen\u00e7a honrar e testemunhar a posse do Presidente da Rep\u00fablica de Portugal, eleito para o cargo para&nbsp;os pr\u00f3ximos cinco anos.<br>Ocasi\u00e3o para estabelecer contactos bilaterais numa altura em que o mundo vive uma fase bastante conturbada, onde Angola se apresenta como um&nbsp;factor de estabilidade, quando a rota mar\u00edtima africana, \u00cdndico\/Atl\u00e2ntico, \u00e9 uma alternativa enquanto rota comercial. Dir\u00e3o os detratores encartados que \u00e9 mais um passeio presidencial, mas basta estarem atentos \u00e0 presen\u00e7a de cong\u00e9neres e a agenda de Jo\u00e3o Louren\u00e7o em Lisboa.<br>\u00c9 tamb\u00e9m um ciclo novo que abre nas rela\u00e7\u00f5es com Portugal e a Europa, a n\u00edvel&nbsp;de Estado h\u00e1 uma similitude na implementa\u00e7\u00e3o de uma nova&nbsp;vaga geracional, gera\u00e7\u00e3o que nasceu e formou-se sem complexos de um passado conflituoso, e \u00e9 politicamente uma converg\u00eancia oportunal, s\u00e3o ambos filiados na Internacional&nbsp;Socialista.&nbsp;<br>Esta semana, o ministro Lima Massano participou e ouviu numa confer\u00eancia, em Lisboa, a voz de empres\u00e1rios e banqueiros desejosos de investir em Angola, uma vez que sentem agora estabilidade&nbsp;e seguran\u00e7a, e um rumo definido para o investimento estrangeiro,sobretudo no apetec\u00edvel Corredor do Lobito. Turismo, sa\u00fade, forma\u00e7\u00e3o, apresentam-se como investimentos priorit\u00e1rios e em fase de alavancagem.<br>Numa fase em que a UNITA do monarca Mbundo, reizinho Lukamba &#8220;MIau&#8221; Gato, e do seu regedor subserviente, bacharel tirano psicopata, mais que intruj\u00e3o, ACJ &#8220;Betinho&#8221; de Quinjenge, pela voz bo\u00e7al e estridente do cipaio Liberty Chiyaca, parece estarem j\u00e1 a governar, distribuindo perd\u00e3o a toda gente num hino ao&nbsp;primitivismo ancestral,valha-nos a conquista de dignidade de&nbsp;Jo\u00e3o Louren\u00e7o, a confian\u00e7a no Pa\u00eds, ostentando uma cidadania livre e democr\u00e1tico, a caminho de uma Nova Rep\u00fablica.<\/p>\n","protected":false},"excerpt":{"rendered":"<p>Sua Excel\u00eancia Senhor Presidente&nbsp; da Rep\u00fablica&nbsp;de Angola, Jo\u00e3o Manuel Gon\u00e7alves Louren\u00e7o, viaja para&nbsp;Lisboa onde hoje e amanh\u00e3&nbsp;pela manh\u00e3, confluem v\u00e1rios Chefes de Estado e&nbsp;de Governo, da Europa, de \u00c1frica e de outras paragens intercontinentais, que&nbsp;ir\u00e3o com&nbsp;a sua&nbsp;presen\u00e7a honrar e testemunhar a posse do Presidente da Rep\u00fablica de Portugal, eleito para o cargo para&nbsp;os pr\u00f3ximos cinco [&hellip;]<\/p>\n","protected":false},"author":5,"featured_media":9489,"comment_status":"closed","ping_status":"closed","sticky":false,"template":"","format":"standard","meta":{"inline_featured_image":false,"footnotes":""},"categories":[105,21],"tags":[89,33],"class_list":["post-16204","post","type-post","status-publish","format-standard","has-post-thumbnail","hentry","category-noticias","category-opiniao","tag-angola","tag-joao-lourenco"],"_links":{"self":[{"href":"https:\/\/tribunadeangola.org\/index.php?rest_route=\/wp\/v2\/posts\/16204","targetHints":{"allow":["GET"]}}],"collection":[{"href":"https:\/\/tribunadeangola.org\/index.php?rest_route=\/wp\/v2\/posts"}],"about":[{"href":"https:\/\/tribunadeangola.org\/index.php?rest_route=\/wp\/v2\/types\/post"}],"author":[{"embeddable":true,"href":"https:\/\/tribunadeangola.org\/index.php?rest_route=\/wp\/v2\/users\/5"}],"replies":[{"embeddable":true,"href":"https:\/\/tribunadeangola.org\/index.php?rest_route=%2Fwp%2Fv2%2Fcomments&post=16204"}],"version-history":[{"count":1,"href":"https:\/\/tribunadeangola.org\/index.php?rest_route=\/wp\/v2\/posts\/16204\/revisions"}],"predecessor-version":[{"id":16205,"href":"https:\/\/tribunadeangola.org\/index.php?rest_route=\/wp\/v2\/posts\/16204\/revisions\/16205"}],"wp:featuredmedia":[{"embeddable":true,"href":"https:\/\/tribunadeangola.org\/index.php?rest_route=\/wp\/v2\/media\/9489"}],"wp:attachment":[{"href":"https:\/\/tribunadeangola.org\/index.php?rest_route=%2Fwp%2Fv2%2Fmedia&parent=16204"}],"wp:term":[{"taxonomy":"category","embeddable":true,"href":"https:\/\/tribunadeangola.org\/index.php?rest_route=%2Fwp%2Fv2%2Fcategories&post=16204"},{"taxonomy":"post_tag","embeddable":true,"href":"https:\/\/tribunadeangola.org\/index.php?rest_route=%2Fwp%2Fv2%2Ftags&post=16204"}],"curies":[{"name":"wp","href":"https:\/\/api.w.org\/{rel}","templated":true}]}}