{"id":16195,"date":"2026-03-04T09:45:31","date_gmt":"2026-03-04T08:45:31","guid":{"rendered":"https:\/\/tribunadeangola.org\/?p=16195"},"modified":"2026-03-11T09:42:58","modified_gmt":"2026-03-11T08:42:58","slug":"mais-uma-patranha","status":"publish","type":"post","link":"https:\/\/tribunadeangola.org\/?p=16195","title":{"rendered":"Mais uma patranha"},"content":{"rendered":"\n<p>O alegado epis\u00f3dio de intimida\u00e7\u00e3o contra a jornalista Sueli de Melo, ocorrido a 19 de Fevereiro nas imedia\u00e7\u00f5es da Urbaniza\u00e7\u00e3o Nova Vida, em Luanda, continua sem qualquer prova material que permita confirmar a veracidade dos factos narrados. <\/p>\n\n\n\n<p>A hist\u00f3ria, tal como divulgada, assenta exclusivamente no relato da pr\u00f3pria jornalista e n\u00e3o \u00e9 acompanhada de uma \u00fanica fotografia, uma grava\u00e7\u00e3o, uma testemunha identific\u00e1vel ou qualquer elemento objectivo que permita validar o sucedido. <\/p>\n\n\n\n<p>Num espa\u00e7o p\u00fablico, com circula\u00e7\u00e3o de pessoas, a inexist\u00eancia absoluta de qualquer registo visual ou sonoro levanta d\u00favidas leg\u00edtimas sobre a materialidade do epis\u00f3dio. <\/p>\n\n\n\n<p>Segundo o relato, um homem de meia idade teria abordado a jornalista, afirmando que ela estava a ser perseguida por duas viaturas de vidros fumados. <\/p>\n\n\n\n<p>No entanto, n\u00e3o h\u00e1 imagens das viaturas, n\u00e3o h\u00e1 descri\u00e7\u00e3o precisa do alegado agressor, n\u00e3o h\u00e1 testemunhas nomeadas e n\u00e3o existe qualquer elemento externo que permita corroborar a narrativa. <\/p>\n\n\n\n<p>A pr\u00f3pria explica\u00e7\u00e3o do homem \u2014 que a teriam confundido com outra pessoa \u2014 contradiz a interpreta\u00e7\u00e3o posterior de que se trataria de um acto de intimida\u00e7\u00e3o deliberado, mas nenhuma das vers\u00f5es \u00e9 sustentada por factos verific\u00e1veis. <\/p>\n\n\n\n<p>A tentativa de relacionar o epis\u00f3dio com as den\u00fancias sobre o uso do spyware Predator, feitas na mesma semana, \u00e9 um disparate. Uma patranha.<\/p>\n\n\n\n<p>N\u00e3o existe qualquer ind\u00edcio de liga\u00e7\u00e3o entre os acontecimentos, nem qualquer prova de que a jornalista tenha sido alvo de vigil\u00e2ncia digital. <\/p>\n\n\n\n<p>A coincid\u00eancia temporal n\u00e3o constitui prova de causalidade e n\u00e3o pode ser tratada como tal. <\/p>\n\n\n\n<p>A jornalista dirigiu-se \u00e0 esquadra do Nova Vida para registar a ocorr\u00eancia, mas at\u00e9 ao momento n\u00e3o h\u00e1 qualquer informa\u00e7\u00e3o p\u00fablica sobre dilig\u00eancias policiais, resultados de investiga\u00e7\u00e3o ou confirma\u00e7\u00e3o m\u00ednima dos factos. <\/p>\n\n\n\n<p>Sem relat\u00f3rio, sem despacho, sem nota oficial, a narrativa permanece no dom\u00ednio da fic\u00e7\u00e3o. <\/p>\n\n\n\n<p>A gravidade das acusa\u00e7\u00f5es exige rigor, prud\u00eancia e responsabilidade. <\/p>\n\n\n\n<p>A aus\u00eancia total de provas materiais, testemunhais ou documentais impede que o epis\u00f3dio seja tratado como facto estabelecido. <\/p>\n\n\n\n<p>At\u00e9 prova em contr\u00e1rio, e enquanto n\u00e3o surgir um \u00fanico elemento objectivo que permita confirmar o que \u00e9 afirmado, o caso n\u00e3o passa de mera agita\u00e7\u00e3o, cuja veracidade permanece por demonstrar.<\/p>\n","protected":false},"excerpt":{"rendered":"<p>O alegado epis\u00f3dio de intimida\u00e7\u00e3o contra a jornalista Sueli de Melo, ocorrido a 19 de Fevereiro nas imedia\u00e7\u00f5es da Urbaniza\u00e7\u00e3o Nova Vida, em Luanda, continua sem qualquer prova material que permita confirmar a veracidade dos factos narrados. A hist\u00f3ria, tal como divulgada, assenta exclusivamente no relato da pr\u00f3pria jornalista e n\u00e3o \u00e9 acompanhada de uma [&hellip;]<\/p>\n","protected":false},"author":8,"featured_media":7653,"comment_status":"closed","ping_status":"closed","sticky":false,"template":"","format":"standard","meta":{"inline_featured_image":false,"footnotes":""},"categories":[105,21],"tags":[89],"class_list":["post-16195","post","type-post","status-publish","format-standard","has-post-thumbnail","hentry","category-noticias","category-opiniao","tag-angola"],"_links":{"self":[{"href":"https:\/\/tribunadeangola.org\/index.php?rest_route=\/wp\/v2\/posts\/16195","targetHints":{"allow":["GET"]}}],"collection":[{"href":"https:\/\/tribunadeangola.org\/index.php?rest_route=\/wp\/v2\/posts"}],"about":[{"href":"https:\/\/tribunadeangola.org\/index.php?rest_route=\/wp\/v2\/types\/post"}],"author":[{"embeddable":true,"href":"https:\/\/tribunadeangola.org\/index.php?rest_route=\/wp\/v2\/users\/8"}],"replies":[{"embeddable":true,"href":"https:\/\/tribunadeangola.org\/index.php?rest_route=%2Fwp%2Fv2%2Fcomments&post=16195"}],"version-history":[{"count":1,"href":"https:\/\/tribunadeangola.org\/index.php?rest_route=\/wp\/v2\/posts\/16195\/revisions"}],"predecessor-version":[{"id":16196,"href":"https:\/\/tribunadeangola.org\/index.php?rest_route=\/wp\/v2\/posts\/16195\/revisions\/16196"}],"wp:featuredmedia":[{"embeddable":true,"href":"https:\/\/tribunadeangola.org\/index.php?rest_route=\/wp\/v2\/media\/7653"}],"wp:attachment":[{"href":"https:\/\/tribunadeangola.org\/index.php?rest_route=%2Fwp%2Fv2%2Fmedia&parent=16195"}],"wp:term":[{"taxonomy":"category","embeddable":true,"href":"https:\/\/tribunadeangola.org\/index.php?rest_route=%2Fwp%2Fv2%2Fcategories&post=16195"},{"taxonomy":"post_tag","embeddable":true,"href":"https:\/\/tribunadeangola.org\/index.php?rest_route=%2Fwp%2Fv2%2Ftags&post=16195"}],"curies":[{"name":"wp","href":"https:\/\/api.w.org\/{rel}","templated":true}]}}