{"id":16071,"date":"2026-01-24T10:18:29","date_gmt":"2026-01-24T09:18:29","guid":{"rendered":"https:\/\/tribunadeangola.org\/?p=16071"},"modified":"2026-01-27T18:48:39","modified_gmt":"2026-01-27T17:48:39","slug":"responsabilidade","status":"publish","type":"post","link":"https:\/\/tribunadeangola.org\/?p=16071","title":{"rendered":"Responsabilidade"},"content":{"rendered":"\n<p>A responsabilidade e exig\u00eancia come\u00e7a por n\u00f3s, a Tribuna de Angola \u00e9 cada vez mais lida, por alguma raz\u00e3o, o rigor e antecipa\u00e7\u00e3o informativa e opinativa, j\u00e1 geram debate e j\u00e1 \u00e9 um farolim, tamb\u00e9m, para os ca\u00e7adores que correm atr\u00e1s do trof\u00e9u.<\/p>\n\n\n\n<p>Vivemos um tempo de legitimidades, de verdades, consubstanciadas em factos tang\u00edveis, e s\u00f3 por falta de vergonha muita gente se julga no direito de querer perpetuar um passado tenebroso para os angolanos.\u00a0Hoje refiro-me aos grandes propriet\u00e1rios imobili\u00e1rios em Portugal, fuga a branqueamento de capitais oriundos de fundos do Er\u00e1rio P\u00fablico, e nele constam nomes que ainda pensam, enferrujados, em ganhar o MPLA para assaltar de novo o governo.<\/p>\n\n\n\n<p>Os apartamentos mais caros de Portugal, em Cascais, s\u00e3o conhecidos como &#8220;a casa dos angolanos&#8221;, t\u00eam\u00a0custos de muitos milh\u00f5es, e alguns milh\u00f5es de condom\u00ednio, h\u00e1 andares inteiros, por exemplo, os 3\u00ba, 5\u00ba, 7\u00ba, 9\u00ba e 14\u00ba andares s\u00e3o propriedade de Pitra\u00a0Neto e de sua filha Katila Pitra Costa.Dois apartamentos em edif\u00edcio paralelo, dois andares pertencem a Manuel H\u00e9lder\u00a0Vieira Dias &#8220;Kopelipa&#8221;Jos\u00e9 Pedro de Morais, det\u00e9m quatro apartamentos\u00a0na Torre Ba\u00eda, nos 1\u00ba, 2\u00ba,\u00a0 4\u00ba e 5\u00ba pisos.Gerson Ant\u00f3nio de Sousa Nascimento, tem na Torre Estoril dois duplex no 6\u00ba e 7\u00ba andares.<\/p>\n\n\n\n<p>\u00c1lvaro Sobrinho, o grande accionista do Sporting, e foragido pelo roubo no BESA, tem seis apartamentos. Os seus irm\u00e3os S\u00edlvio e Emanuel Madaleno, t\u00eam, tamb\u00e9m, tr\u00eas apartamentos no Estoril Sol.<\/p>\n\n\n\n<p>Tamb\u00e9m H\u00e9lder Pita Gr\u00f3s, disp\u00f5e de resid\u00eancia nos mesmos edif\u00edcios fara\u00f3nicos. Acresce que em zonas nobres da capital portuguesa Isabel dos Santos, Higino Carneiro, general Jos\u00e9 Maria, Tchiz\u00e9 dos Santos, t\u00eam bens imobili\u00e1rios, bem como no Algarve na Quinta do Lago, onde &#8220;Kopelipa&#8221; tem a mans\u00e3o mais cara de Portugal.<\/p>\n\n\n\n<p>Mas n\u00e3o s\u00e3o s\u00f3 os ditos &#8220;marimbondos&#8221;, nos &#8220;maninhos\u00a0kwatchas e desavindos&#8221; tamb\u00e9m h\u00e1 im\u00f3veis inexplic\u00e1veis. Isa\u00edas Samakuva, tem 4 apartamentos em Londres.Lukamba &#8220;Miau&#8221; Gato, tem uma mans\u00e3o na Vila Alice, uma mans\u00e3o em Joanesburgo, e um apartamento nas Ilhas Maur\u00edcias.O bacharel tirano psicopata, mais que intruj\u00e3o, ACJ &#8220;Betinho, tem um apartamento em Ermesinde, onde habita a ex-esposa, e um luxuoso apartamento junto ao mar na Lavra, em Matosinhos.Liberty Chiyaca, Navita Ngolo, Adriano Sapi\u00f1ala, N\u00e9lito\u00a0Ekuikui, t\u00eam todos um apartamento classe m\u00e9dia alta em Lisboa, Portugal.<\/p>\n\n\n\n<p>\u00c9 desta roubalheira que Jo\u00e3o Louren\u00e7o tem tentado colocar fim, tem sido um esfor\u00e7o tit\u00e2nico, a subvers\u00e3o e terrorismo digital alienados, t\u00eam conseguidos bloquear a luta atrav\u00e9s de fraquesas de alguns titulares fundamentais da governa\u00e7\u00e3o.\u00a0<\/p>\n\n\n\n<p>A clara interfer\u00eancia\u00a0que j\u00e1 se manifesta nos preparativos do Congresso do MPLA, \u00e9 o retrato vivo da afli\u00e7\u00e3o face \u00e0 percep\u00e7\u00e3o de mudan\u00e7a geracional, h\u00e1 Congresso e congressos, a dist\u00e2ncia reside num conclave de promessas e noutro onde h\u00e1 a responsabilidade da governa\u00e7\u00e3o.\u00a0<\/p>\n\n\n\n<p>O Partido MPLA e o Governo de Jo\u00e3o Louren\u00e7o, t\u00eam a responsabilidade de n\u00e3o abdicar do ritmo crescente de desenvolvimento, Angola n\u00e3o pode retroceder nems sequer parar a onda desenvolvimentista que os oportunistas e desonestos intelectuais e pol\u00edticos tentam alhear-se, mas acredito que iremos constatar, calma e seguramente, que vai florindo a esperan\u00e7a, a cren\u00e7a, a autoestima fundamentais na cidadania, para abra\u00e7armos a Nova Rep\u00fablica.<\/p>\n","protected":false},"excerpt":{"rendered":"<p>A responsabilidade e exig\u00eancia come\u00e7a por n\u00f3s, a Tribuna de Angola \u00e9 cada vez mais lida, por alguma raz\u00e3o, o rigor e antecipa\u00e7\u00e3o informativa e opinativa, j\u00e1 geram debate e j\u00e1 \u00e9 um farolim, tamb\u00e9m, para os ca\u00e7adores que correm atr\u00e1s do trof\u00e9u. Vivemos um tempo de legitimidades, de verdades, consubstanciadas em factos tang\u00edveis, e [&hellip;]<\/p>\n","protected":false},"author":5,"featured_media":12837,"comment_status":"closed","ping_status":"closed","sticky":false,"template":"","format":"standard","meta":{"inline_featured_image":false,"footnotes":""},"categories":[105,21],"tags":[89,2451],"class_list":["post-16071","post","type-post","status-publish","format-standard","has-post-thumbnail","hentry","category-noticias","category-opiniao","tag-angola","tag-nova-republica"],"_links":{"self":[{"href":"https:\/\/tribunadeangola.org\/index.php?rest_route=\/wp\/v2\/posts\/16071","targetHints":{"allow":["GET"]}}],"collection":[{"href":"https:\/\/tribunadeangola.org\/index.php?rest_route=\/wp\/v2\/posts"}],"about":[{"href":"https:\/\/tribunadeangola.org\/index.php?rest_route=\/wp\/v2\/types\/post"}],"author":[{"embeddable":true,"href":"https:\/\/tribunadeangola.org\/index.php?rest_route=\/wp\/v2\/users\/5"}],"replies":[{"embeddable":true,"href":"https:\/\/tribunadeangola.org\/index.php?rest_route=%2Fwp%2Fv2%2Fcomments&post=16071"}],"version-history":[{"count":1,"href":"https:\/\/tribunadeangola.org\/index.php?rest_route=\/wp\/v2\/posts\/16071\/revisions"}],"predecessor-version":[{"id":16072,"href":"https:\/\/tribunadeangola.org\/index.php?rest_route=\/wp\/v2\/posts\/16071\/revisions\/16072"}],"wp:featuredmedia":[{"embeddable":true,"href":"https:\/\/tribunadeangola.org\/index.php?rest_route=\/wp\/v2\/media\/12837"}],"wp:attachment":[{"href":"https:\/\/tribunadeangola.org\/index.php?rest_route=%2Fwp%2Fv2%2Fmedia&parent=16071"}],"wp:term":[{"taxonomy":"category","embeddable":true,"href":"https:\/\/tribunadeangola.org\/index.php?rest_route=%2Fwp%2Fv2%2Fcategories&post=16071"},{"taxonomy":"post_tag","embeddable":true,"href":"https:\/\/tribunadeangola.org\/index.php?rest_route=%2Fwp%2Fv2%2Ftags&post=16071"}],"curies":[{"name":"wp","href":"https:\/\/api.w.org\/{rel}","templated":true}]}}