{"id":16064,"date":"2026-01-21T11:35:53","date_gmt":"2026-01-21T10:35:53","guid":{"rendered":"https:\/\/tribunadeangola.org\/?p=16064"},"modified":"2026-01-26T11:57:28","modified_gmt":"2026-01-26T10:57:28","slug":"progresso-para-alem-do-barulho","status":"publish","type":"post","link":"https:\/\/tribunadeangola.org\/?p=16064","title":{"rendered":"Progresso: para al\u00e9m do barulho"},"content":{"rendered":"\n<p>Eles gostam de fazer um refr\u00e3o com a fome em Angola. Mas n\u00e3o sabem dizer mais nada, e muito menos apontar solu\u00e7\u00f5es. Agora at\u00e9 organizam col\u00f3quios contra a fome e cobram entradas&#8230;\u00c9 mau demais.<\/p>\n\n\n\n<p>Enquanto, fazem barulho, o pa\u00eds avan\u00e7a.<\/p>\n\n\n\n<p>Nas \u00faltimas semanas, o panorama industrial angolano voltou a ganhar f\u00f4lego com a inaugura\u00e7\u00e3o de empreendimentos estrat\u00e9gicos que refor\u00e7am a ambi\u00e7\u00e3o do pa\u00eds em diversificar a economia e reduzir a depend\u00eancia das importa\u00e7\u00f5es. <\/p>\n\n\n\n<p>Dois acontecimentos destacaram-se pela sua dimens\u00e3o simb\u00f3lica e impacto econ\u00f3mico: a entrada em funcionamento de uma nova f\u00e1brica de montagem de ve\u00edculos e a inaugura\u00e7\u00e3o de uma moderna unidade de produ\u00e7\u00e3o de alum\u00ednio.<\/p>\n\n\n\n<p>A ind\u00fastria autom\u00f3vel, praticamente adormecida durante anos, conheceu um novo impulso com a abertura da OPAIA Motors, instalada na Zona Econ\u00f3mica Especial do Icolo e Bengo. <\/p>\n\n\n\n<p>O projecto, resultante da recupera\u00e7\u00e3o da antiga f\u00e1brica da China International Fund, representa n\u00e3o apenas a revitaliza\u00e7\u00e3o de um activo industrial estrat\u00e9gico, mas tamb\u00e9m a afirma\u00e7\u00e3o de uma vis\u00e3o empresarial que aposta na capacita\u00e7\u00e3o t\u00e9cnica nacional. Com duas linhas de montagem equipadas com tecnologia moderna e operadas maioritariamente por t\u00e9cnicos angolanos, a unidade promete relan\u00e7ar a montagem autom\u00f3vel no pa\u00eds, criar emprego qualificado e reduzir a press\u00e3o sobre as importa\u00e7\u00f5es de viaturas.<\/p>\n\n\n\n<p>Paralelamente, a Zona Franca da Barra do Dande, na prov\u00edncia do Bengo, tornou-se palco de um dos mais ambiciosos investimentos industriais recentes: uma f\u00e1brica de alum\u00ednio com capacidade para produzir avultadas quantidades.<\/p>\n\n\n\n<p>Independentemente da discrep\u00e2ncia num\u00e9rica, o consenso \u00e9 claro: trata-se de um empreendimento de grande escala, com impacto directo na cadeia de valor da ind\u00fastria transformadora e na cria\u00e7\u00e3o de mais de mil postos de trabalho. O investimento, estimado em 250 milh\u00f5es de d\u00f3lares, refor\u00e7a a aposta do Executivo na diversifica\u00e7\u00e3o econ\u00f3mica e na industrializa\u00e7\u00e3o como motores de desenvolvimento sustent\u00e1vel.<\/p>\n\n\n\n<p>Estes projectos somam-se a um conjunto mais amplo de iniciativas que t\u00eam marcado o sector industrial angolano, revelando um movimento de reestrutura\u00e7\u00e3o e moderniza\u00e7\u00e3o que se estende a v\u00e1rias prov\u00edncias. <\/p>\n\n\n\n<p>A conjuga\u00e7\u00e3o entre investimento privado, recupera\u00e7\u00e3o de activos p\u00fablicos e pol\u00edticas de incentivo \u00e0 produ\u00e7\u00e3o nacional come\u00e7a a desenhar um novo mapa industrial, onde sectores como metalurgia, agro-ind\u00fastria, log\u00edstica e energia ganham protagonismo.<\/p>\n\n\n\n<p><strong>No seu conjunto, estas inaugura\u00e7\u00f5es simbolizam mais do que a abertura de f\u00e1bricas: representam sinais de confian\u00e7a no mercado angolano, oportunidades para a juventude, est\u00edmulos \u00e0 competitividade e passos concretos rumo a uma economia menos dependente do petr\u00f3leo. <\/strong><\/p>\n\n\n\n<p><strong>Angola vai entrar numa fase em que a industrializa\u00e7\u00e3o deixa de ser apenas um discurso estrat\u00e9gico e passa a materializar-se em infraestruturas, empregos e capacidade produtiva real.<\/strong><\/p>\n","protected":false},"excerpt":{"rendered":"<p>Eles gostam de fazer um refr\u00e3o com a fome em Angola. Mas n\u00e3o sabem dizer mais nada, e muito menos apontar solu\u00e7\u00f5es. Agora at\u00e9 organizam col\u00f3quios contra a fome e cobram entradas&#8230;\u00c9 mau demais. Enquanto, fazem barulho, o pa\u00eds avan\u00e7a. Nas \u00faltimas semanas, o panorama industrial angolano voltou a ganhar f\u00f4lego com a inaugura\u00e7\u00e3o de [&hellip;]<\/p>\n","protected":false},"author":8,"featured_media":6063,"comment_status":"closed","ping_status":"closed","sticky":false,"template":"","format":"standard","meta":{"inline_featured_image":false,"footnotes":""},"categories":[105,21],"tags":[89],"class_list":["post-16064","post","type-post","status-publish","format-standard","has-post-thumbnail","hentry","category-noticias","category-opiniao","tag-angola"],"_links":{"self":[{"href":"https:\/\/tribunadeangola.org\/index.php?rest_route=\/wp\/v2\/posts\/16064","targetHints":{"allow":["GET"]}}],"collection":[{"href":"https:\/\/tribunadeangola.org\/index.php?rest_route=\/wp\/v2\/posts"}],"about":[{"href":"https:\/\/tribunadeangola.org\/index.php?rest_route=\/wp\/v2\/types\/post"}],"author":[{"embeddable":true,"href":"https:\/\/tribunadeangola.org\/index.php?rest_route=\/wp\/v2\/users\/8"}],"replies":[{"embeddable":true,"href":"https:\/\/tribunadeangola.org\/index.php?rest_route=%2Fwp%2Fv2%2Fcomments&post=16064"}],"version-history":[{"count":1,"href":"https:\/\/tribunadeangola.org\/index.php?rest_route=\/wp\/v2\/posts\/16064\/revisions"}],"predecessor-version":[{"id":16065,"href":"https:\/\/tribunadeangola.org\/index.php?rest_route=\/wp\/v2\/posts\/16064\/revisions\/16065"}],"wp:featuredmedia":[{"embeddable":true,"href":"https:\/\/tribunadeangola.org\/index.php?rest_route=\/wp\/v2\/media\/6063"}],"wp:attachment":[{"href":"https:\/\/tribunadeangola.org\/index.php?rest_route=%2Fwp%2Fv2%2Fmedia&parent=16064"}],"wp:term":[{"taxonomy":"category","embeddable":true,"href":"https:\/\/tribunadeangola.org\/index.php?rest_route=%2Fwp%2Fv2%2Fcategories&post=16064"},{"taxonomy":"post_tag","embeddable":true,"href":"https:\/\/tribunadeangola.org\/index.php?rest_route=%2Fwp%2Fv2%2Ftags&post=16064"}],"curies":[{"name":"wp","href":"https:\/\/api.w.org\/{rel}","templated":true}]}}