{"id":16024,"date":"2026-01-13T09:47:58","date_gmt":"2026-01-13T08:47:58","guid":{"rendered":"https:\/\/tribunadeangola.org\/?p=16024"},"modified":"2026-01-15T19:37:41","modified_gmt":"2026-01-15T18:37:41","slug":"o-exercicio-da-perdicao","status":"publish","type":"post","link":"https:\/\/tribunadeangola.org\/?p=16024","title":{"rendered":"O Exerc\u00edcio da Perdi\u00e7\u00e3o"},"content":{"rendered":"\n<p><\/p>\n\n\n\n<p>Com bastante insist\u00eancia, ap\u00f3s constata\u00e7\u00e3o\u00a0da impot\u00eancia da UNITA para atingir o esplendor da loucura em 2027, Lukamba &#8220;Miau&#8221; Gato, o l\u00edder de facto do Galo Negro, vem dissertanto sobre a possibilidade de separatismo, n\u00e3o s\u00f3 em Angola mas como op\u00e7\u00e3o de governabilidade em \u00c1frica.<br>Ontem mesmo, o seu texto inserido no contexto, \u00e9 acompanhado de uma foto do mesmo em traje tradicional\u00a0Mbundo, sentado como\u00a0um rei e com ceptro de Poder. \u00c9 um texto que assenta na repeti\u00e7\u00e3o de uma ignor\u00e2ncia\u00a0hist\u00f3rica, Portugal \u00e9 o pa\u00eds com a mais antiga fronteira do mundo, delimitadas h\u00e1 900 anos.<br>De resto n\u00e3o h\u00e1 grande na\u00e7\u00e3o no mundo que n\u00e3o seja o somat\u00f3rio de conquistas, acordos, feitos de diversidade, do Jap\u00e3o que se unificou com a introdu\u00e7\u00e3o das armas de fogo pelos portugueses, que as entregaram \u00e0 dinastia dominante e subjugou todas as outras.<br>Os Estados Unidos da Am\u00e9rica compraram o Alaska, compraram territ\u00f3rio \u00e0 Fran\u00e7a, e em 2025, em pleno s\u00e9culo XXI, querem a Gronel\u00e2ndia. A Fran\u00e7a \u00e9 jovem, a Espanha \u00e9 uma jun\u00e7\u00e3o de reinos a exemplo\u00a0de Angola, foi assim que ao longo da hist\u00f3ria da Humanidade se grandes Na\u00e7\u00f5es.\u00a0<br>Angola retalhada em reinos transformar-se-ia numa terra\u00a0sangrenta, os reinos sempre foram evoluindo em dire\u00e7\u00e3o ao mar, o sal \u00e9 vital para homem.<br>Al\u00e9m de tudo quanto possa ser opinativo, temos o institucionalismo de \u00c1frica, nele est\u00e1 consagrado o respeito pelas fronteiras delimitadas\u00a0na\u00a0 Confer\u00eancia de Berlim de 1895, onde n\u00e3o se estabeleceu o Mapa Cor de Rosa.\u00a0<br>Criar artif\u00edcios sobre a complexa Hist\u00f3ria de \u00c1frica para ocultar fraquezas, \u00e9 uma fic\u00e7\u00e3o, reportando-nos apenas na nossa infeliz Guerra Civil, de 1975 a 2002, temos uma miscigena\u00e7\u00e3o \u00e9tnica em Angola irrevers\u00edvel, j\u00e1 n\u00e3o h\u00e1 hoje em dia povos de matriz pura em parte nenhuma\u00a0do mundo.<br>Este debate, se \u00e9 que h\u00e1, \u00e9 essencialmente pol\u00edtico e \u00e9 alimentado pelos mais fracos que sentem-se sem argumentos de ver a Na\u00e7\u00e3o num todo, \u00e9 normal num Partido sem quadros suficientes para formar governo e gerir o Estado, e que n\u00e3o confia em ningu\u00e9m fora da esfera familiar. Este desiderato minimiza o Galo Negro e \u00e9 fraturante, da\u00ed a manta de retalhos em que se transformou a UNITA liderada pelo bacharel tirano psicopata, mais que intruj\u00e3o, ACJ &#8220;Betinho&#8221;, tamb\u00e9m ele ensaiando a lideran\u00e7a de uma mesti\u00e7agem. Al\u00e9m de tudo isto, j\u00e1 viralizar no SOVISMO intrigas de Alcova, dedos acusat\u00f3rios, exibi\u00e7\u00e3o e presun\u00e7\u00e3o a rodos, come\u00e7am a criar desaven\u00e7as familiares, numa organiza\u00e7\u00e3o\u00a0matriarcal.<br>Angola n\u00e3o pode estar complacente com estes revisionismos, eles tendem a amplificar, contaminar, contagiar porque se esconde em promessas irrealiz\u00e1veis, pode at\u00e9 ter consequ\u00eancias geradoras de outros v\u00edcios e ambi\u00e7\u00f5es obscuras, \u00e9 necess\u00e1rio em democracia e liberdade ter sempre viva a integridade territorial e a Ordem P\u00fablica, temos o exemplo nacional de integra\u00e7\u00e3o nas For\u00e7as Armadas, s\u00e3o elas com o sentido de perten\u00e7a que ir\u00e3o assegurar a caminho da estabilidade na Nova Rep\u00fablica<\/p>\n","protected":false},"excerpt":{"rendered":"<p>Com bastante insist\u00eancia, ap\u00f3s constata\u00e7\u00e3o\u00a0da impot\u00eancia da UNITA para atingir o esplendor da loucura em 2027, Lukamba &#8220;Miau&#8221; Gato, o l\u00edder de facto do Galo Negro, vem dissertanto sobre a possibilidade de separatismo, n\u00e3o s\u00f3 em Angola mas como op\u00e7\u00e3o de governabilidade em \u00c1frica.Ontem mesmo, o seu texto inserido no contexto, \u00e9 acompanhado de uma [&hellip;]<\/p>\n","protected":false},"author":5,"featured_media":16025,"comment_status":"closed","ping_status":"closed","sticky":false,"template":"","format":"standard","meta":{"inline_featured_image":false,"footnotes":""},"categories":[105,21],"tags":[89,25],"class_list":["post-16024","post","type-post","status-publish","format-standard","has-post-thumbnail","hentry","category-noticias","category-opiniao","tag-angola","tag-unita"],"_links":{"self":[{"href":"https:\/\/tribunadeangola.org\/index.php?rest_route=\/wp\/v2\/posts\/16024","targetHints":{"allow":["GET"]}}],"collection":[{"href":"https:\/\/tribunadeangola.org\/index.php?rest_route=\/wp\/v2\/posts"}],"about":[{"href":"https:\/\/tribunadeangola.org\/index.php?rest_route=\/wp\/v2\/types\/post"}],"author":[{"embeddable":true,"href":"https:\/\/tribunadeangola.org\/index.php?rest_route=\/wp\/v2\/users\/5"}],"replies":[{"embeddable":true,"href":"https:\/\/tribunadeangola.org\/index.php?rest_route=%2Fwp%2Fv2%2Fcomments&post=16024"}],"version-history":[{"count":1,"href":"https:\/\/tribunadeangola.org\/index.php?rest_route=\/wp\/v2\/posts\/16024\/revisions"}],"predecessor-version":[{"id":16026,"href":"https:\/\/tribunadeangola.org\/index.php?rest_route=\/wp\/v2\/posts\/16024\/revisions\/16026"}],"wp:featuredmedia":[{"embeddable":true,"href":"https:\/\/tribunadeangola.org\/index.php?rest_route=\/wp\/v2\/media\/16025"}],"wp:attachment":[{"href":"https:\/\/tribunadeangola.org\/index.php?rest_route=%2Fwp%2Fv2%2Fmedia&parent=16024"}],"wp:term":[{"taxonomy":"category","embeddable":true,"href":"https:\/\/tribunadeangola.org\/index.php?rest_route=%2Fwp%2Fv2%2Fcategories&post=16024"},{"taxonomy":"post_tag","embeddable":true,"href":"https:\/\/tribunadeangola.org\/index.php?rest_route=%2Fwp%2Fv2%2Ftags&post=16024"}],"curies":[{"name":"wp","href":"https:\/\/api.w.org\/{rel}","templated":true}]}}