{"id":16015,"date":"2026-01-11T10:09:23","date_gmt":"2026-01-11T09:09:23","guid":{"rendered":"https:\/\/tribunadeangola.org\/?p=16015"},"modified":"2026-01-14T14:12:40","modified_gmt":"2026-01-14T13:12:40","slug":"adalberto-2027-ja-perdeu","status":"publish","type":"post","link":"https:\/\/tribunadeangola.org\/?p=16015","title":{"rendered":"Adalberto 2027: j\u00e1 perdeu"},"content":{"rendered":"\n<p>N\u00e3o haja qualquer d\u00favida. A candidatura do bacharel Adalberto em 2027 j\u00e1 est\u00e1 derrotada, e n\u00e3o por qualquer arte m\u00e1gica, mas por factores que se tornaram demasiado evidentes ao longo dos \u00faltimos tempos.<\/p>\n\n\n\n<p>A sua interven\u00e7\u00e3o p\u00fablica raramente ultrapassa a mera maledic\u00eancia, reduzindo o debate pol\u00edtico a ataques pessoais e a um discurso negativo que n\u00e3o mobiliza nem inspira confian\u00e7a. <\/p>\n\n\n\n<p>Confunde a popularidade superficial das redes sociais com apoio pol\u00edtico real, acreditando que likes equivalem a votos, quando a realidade eleitoral angolana exige organiza\u00e7\u00e3o, propostas concretas e capacidade de di\u00e1logo com diferentes segmentos da sociedade.<\/p>\n\n\n\n<p>A aus\u00eancia de pol\u00edticas alternativas cred\u00edveis em mat\u00e9ria econ\u00f3mica e social torna-se ainda mais evidente num pa\u00eds que enfrenta desafios estruturais profundos. N\u00e3o apresenta uma vis\u00e3o coerente, nem um programa capaz de responder \u00e0s necessidades de emprego, diversifica\u00e7\u00e3o econ\u00f3mica, prote\u00e7\u00e3o social ou reforma institucional. Falta-lhe uma ideia estruturante, um horizonte pol\u00edtico que v\u00e1 al\u00e9m do improviso e da cr\u00edtica f\u00e1cil.<\/p>\n\n\n\n<p>A manuten\u00e7\u00e3o da sua proximidade a Isabel dos Santos, figura que perdeu praticamente toda a popularidade e legitimidade interna, agrava a percep\u00e7\u00e3o de desconex\u00e3o com o sentimento nacional. Essa alian\u00e7a tem um peso pol\u00edtico e moral muito negativo, sobretudo num contexto em que a sociedade angolana exige transpar\u00eancia, renova\u00e7\u00e3o e distanciamento de figuras associadas a pr\u00e1ticas corruptas contestadas.<\/p>\n\n\n\n<p>No plano internacional, a tend\u00eancia para aplaudir golpes e golpistas em diferentes pa\u00edses africanos e sul-americanos refor\u00e7a a imagem de algu\u00e9m que n\u00e3o compreende as consequ\u00eancias reais desses processos para os povos, nem o impacto que tal postura tem na credibilidade externa de um l\u00edder que aspira governar. <\/p>\n\n\n\n<p>Em vez de defender estabilidade, legalidade e institui\u00e7\u00f5es fortes, parece alinhar-se com solu\u00e7\u00f5es que, na pr\u00e1tica, agravam crises e fragilizam Estados.<\/p>\n\n\n\n<p>Tudo isto contribui para a perce\u00e7\u00e3o de que Adalberto se tornou um \u201cverbo de encher\u201d: muito barulho, muita ret\u00f3rica, mas pouca subst\u00e2ncia. <\/p>\n\n\n\n<p>Falta-lhe consist\u00eancia, coer\u00eancia e capacidade de apresentar um caminho claro para Angola. No fim, o eleitorado tende a distinguir entre espet\u00e1culo e lideran\u00e7a, e \u00e9 essa distin\u00e7\u00e3o que vai ditar a sua derrota em 2027.<\/p>\n","protected":false},"excerpt":{"rendered":"<p>N\u00e3o haja qualquer d\u00favida. A candidatura do bacharel Adalberto em 2027 j\u00e1 est\u00e1 derrotada, e n\u00e3o por qualquer arte m\u00e1gica, mas por factores que se tornaram demasiado evidentes ao longo dos \u00faltimos tempos. A sua interven\u00e7\u00e3o p\u00fablica raramente ultrapassa a mera maledic\u00eancia, reduzindo o debate pol\u00edtico a ataques pessoais e a um discurso negativo que [&hellip;]<\/p>\n","protected":false},"author":8,"featured_media":4609,"comment_status":"closed","ping_status":"closed","sticky":false,"template":"","format":"standard","meta":{"inline_featured_image":false,"footnotes":""},"categories":[105,21],"tags":[491,89,25],"class_list":["post-16015","post","type-post","status-publish","format-standard","has-post-thumbnail","hentry","category-noticias","category-opiniao","tag-acj","tag-angola","tag-unita"],"_links":{"self":[{"href":"https:\/\/tribunadeangola.org\/index.php?rest_route=\/wp\/v2\/posts\/16015","targetHints":{"allow":["GET"]}}],"collection":[{"href":"https:\/\/tribunadeangola.org\/index.php?rest_route=\/wp\/v2\/posts"}],"about":[{"href":"https:\/\/tribunadeangola.org\/index.php?rest_route=\/wp\/v2\/types\/post"}],"author":[{"embeddable":true,"href":"https:\/\/tribunadeangola.org\/index.php?rest_route=\/wp\/v2\/users\/8"}],"replies":[{"embeddable":true,"href":"https:\/\/tribunadeangola.org\/index.php?rest_route=%2Fwp%2Fv2%2Fcomments&post=16015"}],"version-history":[{"count":2,"href":"https:\/\/tribunadeangola.org\/index.php?rest_route=\/wp\/v2\/posts\/16015\/revisions"}],"predecessor-version":[{"id":16017,"href":"https:\/\/tribunadeangola.org\/index.php?rest_route=\/wp\/v2\/posts\/16015\/revisions\/16017"}],"wp:featuredmedia":[{"embeddable":true,"href":"https:\/\/tribunadeangola.org\/index.php?rest_route=\/wp\/v2\/media\/4609"}],"wp:attachment":[{"href":"https:\/\/tribunadeangola.org\/index.php?rest_route=%2Fwp%2Fv2%2Fmedia&parent=16015"}],"wp:term":[{"taxonomy":"category","embeddable":true,"href":"https:\/\/tribunadeangola.org\/index.php?rest_route=%2Fwp%2Fv2%2Fcategories&post=16015"},{"taxonomy":"post_tag","embeddable":true,"href":"https:\/\/tribunadeangola.org\/index.php?rest_route=%2Fwp%2Fv2%2Ftags&post=16015"}],"curies":[{"name":"wp","href":"https:\/\/api.w.org\/{rel}","templated":true}]}}