{"id":15777,"date":"2025-11-03T12:36:18","date_gmt":"2025-11-03T11:36:18","guid":{"rendered":"https:\/\/tribunadeangola.org\/?p=15777"},"modified":"2025-11-11T15:11:28","modified_gmt":"2025-11-11T14:11:28","slug":"rapido-rapidissimo","status":"publish","type":"post","link":"https:\/\/tribunadeangola.org\/?p=15777","title":{"rendered":"R\u00e1pido &#8211; Rapid\u00edssimo"},"content":{"rendered":"\n<p>N\u00e3o foi preciso muito tempo, demorou o tempo de uma caminhada, a certeza do abra\u00e7o acolhedor do asilo dos proscritos, j\u00e1 estava oportunamente preparada h\u00e1 muito, e de sorriso estampado da miss\u00e3o cumprida, Valdir C\u00f4nego, o futuro deputado da UNITA, j\u00e1 tem ficha assegurada e apadrinhada pelo capataz de Luanda Adriano Sap\u00f1ala, para continuar na senda desafiadora da dignidade do Presidente do MPLA.<\/p>\n\n\n\n<p>Nem sequer guardaram o per\u00edodo de nojo, vale tudo, aus\u00eancia total de \u00e9tica e moral, mas o idiota que horas antes se humilhou a pedir perd\u00e3o, trazia colado a si o diploma de artiolheiro contra o Senhor Prede relevo para sidente da Rep\u00fablica, exig\u00eancia voar livremente nas asas do Galo Negro.<\/p>\n\n\n\n<p>Diantes das repetidas narrativas desafiadoras da lideran\u00e7a do MPLA, e da postura permanente de afronta \u00e0 disciplina partid\u00e1ria, Valdir C\u00f4nego tornou-se um lixo t\u00f3xico a exemplo de Ra\u00fal Dinis ou Marcolino Moco, acrescido de uma imbecilidade pr\u00f3pria de um analfabetismo pol\u00edtico funcional, e de uma nulidade intelectual atroz, sabia-se que n\u00e3o passava de pombo correio com destino tra\u00e7ado.<\/p>\n\n\n\n<p>\u00c9 espantoso o que a UNITA faz e aceita para pintar de democr\u00e1tico o andor do bacharel tirano psicopata intruj\u00e3o ACJ &#8220;Betinho&#8221;, desde os escritos di\u00e1rios do mandante Lukamba &#8220;Miau&#8221; Gato, em parceria com o homem da intelig\u00eancia Eug\u00e9nio Manuvakola e do revisor Marcial Dachala, que com o poder fundamentalista e inquisitorial, conseguiram, tamb\u00e9m, levar para o matadouro pol\u00edtico Rafael Massanga Savimbi, para retocar o embuste do XIV Congresso, e liquidar definitivamente a heran\u00e7a de Savimbi.<\/p>\n\n\n\n<p>Jonas Savimbi tem todos os filhos, \u00e0 excep\u00e7\u00e3o da Ginga, radicados na Europa, maioria em Fran\u00e7a, e Rafael Savimbi tem a sua vida estabelecida na cidade do Porto, em Portugal. O pr\u00f3prio Isa\u00edas Samakuva, l\u00edder da Funda\u00e7\u00e3o Jonas Savimbi, vive em Londres onde tem todos os filhos ali radicados e j\u00e1 com vida pr\u00f3pria estabelecida.<\/p>\n\n\n\n<p>A UNITA vai confirmar neste congresso, a perten\u00e7a de um grupo de ativistas oriundos de uma oligarquia d\u00e9spota familiar, onde pais, filhos, netos, afilhados, sobrinhos, primos e compadres, formam a Corte dos Ovimbundos. H\u00e1 excep\u00e7\u00f5es, pol\u00edtica e intelectualmente preparados, patriotas, mas esses est\u00e3o silenciados, auto-exclu\u00eddos do ru\u00eddo vergonhoso, s\u00e3o uma reserva senatorial com quem o necess\u00e1rio Pacto de Cidadania pode e deve contar, porque cada vez mais, perante esta salada oportunista sedenta de Poder, s\u00e1 h\u00e1 uma resposta por Angola e pelos angolanos, uma Nova Constitui\u00e7\u00e3o e inevitavelmente, uma Nova Rep\u00fablica.<\/p>\n","protected":false},"excerpt":{"rendered":"<p>N\u00e3o foi preciso muito tempo, demorou o tempo de uma caminhada, a certeza do abra\u00e7o acolhedor do asilo dos proscritos, j\u00e1 estava oportunamente preparada h\u00e1 muito, e de sorriso estampado da miss\u00e3o cumprida, Valdir C\u00f4nego, o futuro deputado da UNITA, j\u00e1 tem ficha assegurada e apadrinhada pelo capataz de Luanda Adriano Sap\u00f1ala, para continuar na [&hellip;]<\/p>\n","protected":false},"author":5,"featured_media":15778,"comment_status":"closed","ping_status":"closed","sticky":false,"template":"","format":"standard","meta":{"inline_featured_image":false,"footnotes":""},"categories":[105,21],"tags":[24,121,25],"class_list":["post-15777","post","type-post","status-publish","format-standard","has-post-thumbnail","hentry","category-noticias","category-opiniao","tag-galo-negro","tag-mpla","tag-unita"],"_links":{"self":[{"href":"https:\/\/tribunadeangola.org\/index.php?rest_route=\/wp\/v2\/posts\/15777","targetHints":{"allow":["GET"]}}],"collection":[{"href":"https:\/\/tribunadeangola.org\/index.php?rest_route=\/wp\/v2\/posts"}],"about":[{"href":"https:\/\/tribunadeangola.org\/index.php?rest_route=\/wp\/v2\/types\/post"}],"author":[{"embeddable":true,"href":"https:\/\/tribunadeangola.org\/index.php?rest_route=\/wp\/v2\/users\/5"}],"replies":[{"embeddable":true,"href":"https:\/\/tribunadeangola.org\/index.php?rest_route=%2Fwp%2Fv2%2Fcomments&post=15777"}],"version-history":[{"count":1,"href":"https:\/\/tribunadeangola.org\/index.php?rest_route=\/wp\/v2\/posts\/15777\/revisions"}],"predecessor-version":[{"id":15779,"href":"https:\/\/tribunadeangola.org\/index.php?rest_route=\/wp\/v2\/posts\/15777\/revisions\/15779"}],"wp:featuredmedia":[{"embeddable":true,"href":"https:\/\/tribunadeangola.org\/index.php?rest_route=\/wp\/v2\/media\/15778"}],"wp:attachment":[{"href":"https:\/\/tribunadeangola.org\/index.php?rest_route=%2Fwp%2Fv2%2Fmedia&parent=15777"}],"wp:term":[{"taxonomy":"category","embeddable":true,"href":"https:\/\/tribunadeangola.org\/index.php?rest_route=%2Fwp%2Fv2%2Fcategories&post=15777"},{"taxonomy":"post_tag","embeddable":true,"href":"https:\/\/tribunadeangola.org\/index.php?rest_route=%2Fwp%2Fv2%2Ftags&post=15777"}],"curies":[{"name":"wp","href":"https:\/\/api.w.org\/{rel}","templated":true}]}}