{"id":15769,"date":"2025-10-30T17:56:38","date_gmt":"2025-10-30T16:56:38","guid":{"rendered":"https:\/\/tribunadeangola.org\/?p=15769"},"modified":"2025-11-08T12:36:15","modified_gmt":"2025-11-08T11:36:15","slug":"o-programa-da-unita","status":"publish","type":"post","link":"https:\/\/tribunadeangola.org\/?p=15769","title":{"rendered":"O Programa da UNITA"},"content":{"rendered":"\n<p>A ordem do dia determinada na c\u00e9lula pensante e mandante do Galo Negro, tem como prioridade na sua base program\u00e1tica governativa, retalhar Angola, fazer do nosso Pa\u00eds um mosaico matizado de diferen\u00e7as insan\u00e1veis, multiplicando fronteiras promovendo um regresso \u00e0 ancestralidade como base para o desenvolvimento.<\/p>\n\n\n\n<p>Hoje mesmo o patriarca imperador de Mbalundo, Lukamba &#8220;Miau&#8221; Gato, d\u00e1 o mote para uma liquida\u00e7\u00e3o de Angola, contagiando \u00c1frica com uma multiplica\u00e7\u00e3o de fronteiras, como solu\u00e7\u00e3o de todos os problemas.<\/p>\n\n\n\n<p>Reproduzo aqui o que escreveu, admirando a sua coragem pela proclama\u00e7\u00e3o de um pensamento transversal na UNITA, e que at\u00e9 Jonas Savimbi, partilhando esse pensamento, nunca teve coragem de o dizer publicamente, mas tentou concretizar atrav\u00e9s de uma guerra civil e comunh\u00e3o com Mobuto Sesse Seko, que sempre desejou tirar o Corredor do Lobito da tutela de Luanda.<\/p>\n\n\n\n<p>Aqui vai o escrito de Lukamba &#8220;Miau&#8221; Gato:<\/p>\n\n\n\n<p>&#8220;Quo Vadis \u00c1frica &#8211; A estes factores soma-se o peso hist\u00f3rico das fronteiras herdadas do colonialismo, tra\u00e7adas sem qualquer respeito pelas realidades \u00e9tnicas, culturais e lingu\u00edsticas dos povos africanos. Esse legado, vindo da Confer\u00eancia de Berlim de 1885, continua a alimentar rivalidades internas e conflitos de dif\u00edcil resolu\u00e7\u00e3o.<\/p>\n\n\n\n<p>Hoje, a Rep\u00fablica Democr\u00e1tica do Congo, o Sud\u00e3o, a Tanz\u00e2nia, os Camar\u00f5es e a C\u00f4te d\u2019Ivoire representam casos paradigm\u00e1ticos dessa instabilidade que amea\u00e7a a coes\u00e3o do continente. Do Golfo da Guin\u00e9 aos Grandes Lagos, a situa\u00e7\u00e3o inspira s\u00e9rias preocupa\u00e7\u00f5es.&#8221;<\/p>\n\n\n\n<p>Para quem viveu e conhece de perto como eu, sabe que isto n\u00e3o \u00e9 nada de novo, mas est\u00e1 refor\u00e7ada a ideia com o compromisso da Autodetermina\u00e7\u00e3o de Cabinda, partilhada, tamb\u00e9m, com alguns signat\u00e1rios de CEAST. Depois admiram-se da aus\u00eancia do Senhor Presidente da Rep\u00fablica, em confer\u00eancias minuciosamente preparadas para atingir objetivos ocultos comprometedores.<\/p>\n\n\n\n<p>Mesmo na Vila Alice, em tempos idos, perante estas manifesta\u00e7\u00f5es enraizadas, eu cheguei a propor como programa do Galo Negro, uma Rep\u00fablica Federativa, mas mesmo assim, recuariamos 50 anos por falta de quadros qualificados, concentrados na capital, seria uma cat\u00e1strofe inevit\u00e1vel.<\/p>\n\n\n\n<p>Cumprir este pressuposto em que a UNITA est\u00e1 crente em realizar, s\u00f3 mentes levianas e irrespons\u00e1veis, que abundam nos &#8220;Kwatchas&#8221; contempor\u00e2neos, n\u00e3o medem a consequ\u00eancia deste retrocesso civilizacional, s\u00f3 quem n\u00e3o conhece a hist\u00f3ria desconhece que as Etnias constitu\u00edram-se em guerras permanentes, empurrados pela for\u00e7a desde da Nig\u00e9ria at\u00e9 ao Atl\u00e2ntico Sul e \u00cdndico, \u00e0 exce\u00e7\u00e3o dos Khoisan, quase extintos na expans\u00e3o oriunda do Leste. Mais tarde divididos em sub etnias como Nyanecas, Khoisan, F\u00e1tuas, Hereros e outras etnias do grupo Amb\u00f3.<\/p>\n\n\n\n<p>\u00c9 nestes fundamentos intrinsecamente enraizados na UNITA, que est\u00e1 a subst\u00e2ncia da impossibilidade de uma verdadeira Reconcilia\u00e7\u00e3o Nacional, h\u00e1 uma divis\u00e3o mental tribalista que alimenta \u00f3dio e vingan\u00e7a, que se refletem na permanente fustiga\u00e7\u00e3o a Jo\u00e3o Louren\u00e7o e \u00e0s institui\u00e7\u00f5es, fragilizando o Estado, obstaculizando o desenvolvimento, e que se manifesta num sil\u00eancio absoluto face a uma Revis\u00e3o Constitucional, e \u00e0 inevit\u00e1vel Nova Rep\u00fablica.<\/p>\n","protected":false},"excerpt":{"rendered":"<p>A ordem do dia determinada na c\u00e9lula pensante e mandante do Galo Negro, tem como prioridade na sua base program\u00e1tica governativa, retalhar Angola, fazer do nosso Pa\u00eds um mosaico matizado de diferen\u00e7as insan\u00e1veis, multiplicando fronteiras promovendo um regresso \u00e0 ancestralidade como base para o desenvolvimento. Hoje mesmo o patriarca imperador de Mbalundo, Lukamba &#8220;Miau&#8221; Gato, [&hellip;]<\/p>\n","protected":false},"author":5,"featured_media":4686,"comment_status":"closed","ping_status":"closed","sticky":false,"template":"","format":"standard","meta":{"inline_featured_image":false,"footnotes":""},"categories":[105,21],"tags":[89,24,25],"class_list":["post-15769","post","type-post","status-publish","format-standard","has-post-thumbnail","hentry","category-noticias","category-opiniao","tag-angola","tag-galo-negro","tag-unita"],"_links":{"self":[{"href":"https:\/\/tribunadeangola.org\/index.php?rest_route=\/wp\/v2\/posts\/15769","targetHints":{"allow":["GET"]}}],"collection":[{"href":"https:\/\/tribunadeangola.org\/index.php?rest_route=\/wp\/v2\/posts"}],"about":[{"href":"https:\/\/tribunadeangola.org\/index.php?rest_route=\/wp\/v2\/types\/post"}],"author":[{"embeddable":true,"href":"https:\/\/tribunadeangola.org\/index.php?rest_route=\/wp\/v2\/users\/5"}],"replies":[{"embeddable":true,"href":"https:\/\/tribunadeangola.org\/index.php?rest_route=%2Fwp%2Fv2%2Fcomments&post=15769"}],"version-history":[{"count":1,"href":"https:\/\/tribunadeangola.org\/index.php?rest_route=\/wp\/v2\/posts\/15769\/revisions"}],"predecessor-version":[{"id":15770,"href":"https:\/\/tribunadeangola.org\/index.php?rest_route=\/wp\/v2\/posts\/15769\/revisions\/15770"}],"wp:featuredmedia":[{"embeddable":true,"href":"https:\/\/tribunadeangola.org\/index.php?rest_route=\/wp\/v2\/media\/4686"}],"wp:attachment":[{"href":"https:\/\/tribunadeangola.org\/index.php?rest_route=%2Fwp%2Fv2%2Fmedia&parent=15769"}],"wp:term":[{"taxonomy":"category","embeddable":true,"href":"https:\/\/tribunadeangola.org\/index.php?rest_route=%2Fwp%2Fv2%2Fcategories&post=15769"},{"taxonomy":"post_tag","embeddable":true,"href":"https:\/\/tribunadeangola.org\/index.php?rest_route=%2Fwp%2Fv2%2Ftags&post=15769"}],"curies":[{"name":"wp","href":"https:\/\/api.w.org\/{rel}","templated":true}]}}