{"id":15758,"date":"2025-10-26T14:21:59","date_gmt":"2025-10-26T13:21:59","guid":{"rendered":"https:\/\/tribunadeangola.org\/?p=15758"},"modified":"2025-11-01T16:24:42","modified_gmt":"2025-11-01T15:24:42","slug":"altos-e-baixos-positivo-e-negativo","status":"publish","type":"post","link":"https:\/\/tribunadeangola.org\/?p=15758","title":{"rendered":"Altos e Baixos &#8211; Positivo e Negativo"},"content":{"rendered":"\n<p><\/p>\n\n\n\n<p>Sem que o veneno expelido&nbsp;pela l\u00edngua da v\u00edbora Gra\u00e7a Campos, come\u00e7ando por chamar &#8220;manada&#8221; aos militantes do MPLA, e vindo \u00e0 tona o j\u00e1 evidente e repetida maledic\u00eancia de David Boio, acrescentado do partidarismo fundamentalista de H\u00e9lder Preza, a R\u00e1dio Essencial prestou, bem conduzido pelo seu pivot, e pelas presta\u00e7\u00e3o dos representantes do INSS &#8211; Instituto Nacional de Seguran\u00e7a Social, um verdadeiro, ainda que parcial no tempo, servi\u00e7o p\u00fablico.<br>S\u00e3o os tais alicerces de constru\u00e7\u00e3o de um Estado Funcional, que ficou claro, nunca alcan\u00e7ou a sua verdadeira credibilidade social e pol\u00edtica, porque criado em 1993, s\u00f3 Jo\u00e3o Louren\u00e7o, por Decreto Presidencial&nbsp;em 2020, criou bases de sustenta\u00e7\u00e3o, para&nbsp;estruturar o funcionamento&nbsp;ao n\u00edvel de cong\u00e9neres de pa\u00edses desenvolvidos. A evolu\u00e7\u00e3o da gest\u00e3o e dos n\u00fameros factualmente demonstrados, quer nas cotiza\u00e7\u00f5es, quer nos benefici\u00e1rios, demonstram um plano positivo perspectivando&nbsp;o futuro. Uma conquista do Senhor Presidente da Rep\u00fablica.<br>J\u00e1 no que&nbsp;diz respeito \u00e0 participa\u00e7\u00e3o do Presidente da MPLA, Jo\u00e3o Manuel Gon\u00e7alves Louren\u00e7o, na Confer\u00eancia promovida pela CEAST, independentemente das insinua\u00e7\u00f5es e desencontros, a meu ver, a aus\u00eancia faz sentido e tem raz\u00f5es de sobra. A CEAST, cat\u00f3lica apost\u00f3lica romana, tem, sistematicamente assumido como voz cr\u00edtica e tendenciosa, tem sido mais notada pela sua interven\u00e7\u00e3o pol\u00edtica do que ecum\u00e9nica, e membros significativos da sua representa\u00e7\u00e3o tem sido parte de uma oposi\u00e7\u00e3o ao MPLA e ao Governo. A CEAST h\u00e1 muito deixou de ser politicamente neutra, o que clara e compreensivelmente inibe a presen\u00e7a de Jo\u00e3o Louren\u00e7o em qualquer iniciativa p\u00fablica.<br>Por \u00faltimo deixei o coment\u00e1rio \u00e0s iniciativas junto de n\u00facleos partid\u00e1rios, e de rumores, quase certezas, da vontade de Fernando Da Piedade Dias &#8220;Nand\u00f4&#8221; dos Santos, candidatar-se \u00e0 Presid\u00eancia da Rep\u00fablica, tendo para isso de conquistar a lideran\u00e7a do MPLA.<br>Ressalta antes de mais que entre os arautos da corrup\u00e7\u00e3o, dentro da \u00e9lite fraudulenta e de saqueadores do Er\u00e1rio P\u00fablico, h\u00e1 divis\u00f5es surpreendentes, emergindo j\u00e1 duas candidaturas, possivelmente uma terceira, apostados num retr\u00f3grado regresso ao passado.<br>&#8220;Nando&#8221; vai a caminho dos 76 anos de idade, al\u00e9m de corrupto e exibicionista insultuoso (casamento fara\u00f3nico da filha), que deixou o mundo boquiaberto, \u00e9 dos pol\u00edticos angolanos com as m\u00e3os mais sujas de sangue assente na sua crueldade, prepot\u00eancia e abuso de poder, durante a sua trajet\u00f3ria em cargos de Estado. Foi pau para toda a colher.<br>Quanto \u00e9 consensual na Sociedade Angolana uma perspectiva de futuro, perante a persist\u00eancia de termos uma Oposi\u00e7\u00e3o prisioneira por de uma anci\u00e3 nomenklatura d\u00e9spota familiar, marcada por horrores do passado, Fernando da Piedade Dias &#8220;Nand\u00f4&#8221; dos Santos, transformar-se-ia na placa na sepultura do MPLA.<br>N\u00e3o, n\u00e3o aceito que o meu Pa\u00eds, rejuvenescido, consciente, aceite cen\u00e1rios de retrocessos quando urge uma Refunda\u00e7\u00e3o do Estado, neste tempo de mudan\u00e7a at\u00e9 2027, devemos&nbsp; primeiro em assegurar a continuidade das conquistas vis\u00edveis e sentidas protagonizadas por Jo\u00e3o Louren\u00e7o,&nbsp;fortalec\u00ea-las e dotar o Pa\u00eds de instrumentos de modernidade, de integra\u00e7\u00e3o, participa\u00e7\u00e3o e partilha na globaliza\u00e7\u00e3o, para tal temos uma juventude \u00e0 escala das exig\u00eancias, e o desafio de receber, adoptar e formar, 500.000 almas que nascem anualmente. Estamos numa transi\u00e7\u00e3o para que a breve trecho vamos ter um Pa\u00eds dirigido por jovens para jovens, sendo que a transi\u00e7\u00e3o tem de ser assegurada com experi\u00eancia e conhecimento, em democracia, liberdade, estabilidade, com exig\u00eancia esperan\u00e7a priorizando a meritocracia, um desiderato que se circunscreve no espectro de uma Nova Rep\u00fablica.<\/p>\n","protected":false},"excerpt":{"rendered":"<p>Sem que o veneno expelido&nbsp;pela l\u00edngua da v\u00edbora Gra\u00e7a Campos, come\u00e7ando por chamar &#8220;manada&#8221; aos militantes do MPLA, e vindo \u00e0 tona o j\u00e1 evidente e repetida maledic\u00eancia de David Boio, acrescentado do partidarismo fundamentalista de H\u00e9lder Preza, a R\u00e1dio Essencial prestou, bem conduzido pelo seu pivot, e pelas presta\u00e7\u00e3o dos representantes do INSS &#8211; [&hellip;]<\/p>\n","protected":false},"author":5,"featured_media":0,"comment_status":"closed","ping_status":"closed","sticky":false,"template":"","format":"standard","meta":{"inline_featured_image":false,"footnotes":""},"categories":[105,21],"tags":[89,145],"class_list":["post-15758","post","type-post","status-publish","format-standard","hentry","category-noticias","category-opiniao","tag-angola","tag-presidente-da-republica"],"_links":{"self":[{"href":"https:\/\/tribunadeangola.org\/index.php?rest_route=\/wp\/v2\/posts\/15758","targetHints":{"allow":["GET"]}}],"collection":[{"href":"https:\/\/tribunadeangola.org\/index.php?rest_route=\/wp\/v2\/posts"}],"about":[{"href":"https:\/\/tribunadeangola.org\/index.php?rest_route=\/wp\/v2\/types\/post"}],"author":[{"embeddable":true,"href":"https:\/\/tribunadeangola.org\/index.php?rest_route=\/wp\/v2\/users\/5"}],"replies":[{"embeddable":true,"href":"https:\/\/tribunadeangola.org\/index.php?rest_route=%2Fwp%2Fv2%2Fcomments&post=15758"}],"version-history":[{"count":1,"href":"https:\/\/tribunadeangola.org\/index.php?rest_route=\/wp\/v2\/posts\/15758\/revisions"}],"predecessor-version":[{"id":15760,"href":"https:\/\/tribunadeangola.org\/index.php?rest_route=\/wp\/v2\/posts\/15758\/revisions\/15760"}],"wp:attachment":[{"href":"https:\/\/tribunadeangola.org\/index.php?rest_route=%2Fwp%2Fv2%2Fmedia&parent=15758"}],"wp:term":[{"taxonomy":"category","embeddable":true,"href":"https:\/\/tribunadeangola.org\/index.php?rest_route=%2Fwp%2Fv2%2Fcategories&post=15758"},{"taxonomy":"post_tag","embeddable":true,"href":"https:\/\/tribunadeangola.org\/index.php?rest_route=%2Fwp%2Fv2%2Ftags&post=15758"}],"curies":[{"name":"wp","href":"https:\/\/api.w.org\/{rel}","templated":true}]}}