{"id":15674,"date":"2025-09-14T21:34:26","date_gmt":"2025-09-14T20:34:26","guid":{"rendered":"https:\/\/tribunadeangola.org\/?p=15674"},"modified":"2025-09-20T15:17:26","modified_gmt":"2025-09-20T14:17:26","slug":"quando-a-duvida-se-instala","status":"publish","type":"post","link":"https:\/\/tribunadeangola.org\/?p=15674","title":{"rendered":"Quando a d\u00favida se instala&#8230;!!!"},"content":{"rendered":"\n<p>Ontem jamais acreditaria, hoje li e reli, incr\u00e9dulo, na p\u00e1gina de Mihaela Webba, a pretensiosa e presun\u00e7osa deputada da UNITA, pela primeira vez, respeitou a legitimidade democr\u00e1tica do Senhor Presidente da Rep\u00fablica, e at\u00e9 o tem como perspicaz e avisado quanto ao futuro.Eu li:&#8221;A ambi\u00e7\u00e3o de Carolina Cerqueira se estamos lembrados era a de ser escolhida primeiro Vice-Presidente do MPLA e depois Vice-Presidente da Rep\u00fablica.Jo\u00e3o Louren\u00e7o foi afinal prudente. Se a tivesse colocado como Vice-presidente da Rep\u00fablica, corr\u00edamos o risco de a ver envolvida em conspira\u00e7\u00f5es para derrubar o Presidente eleito legitimamente pelo povo. Parece exagero, mas n\u00e3o se pode brincar e desprezar o n\u00edvel de ambi\u00e7\u00e3o e sede de poder de Carolina Cerqueira.&#8221;<\/p>\n\n\n\n<p>S\u00e3o v\u00e1rios os sinais de putativos candidatos \u00e0 lideran\u00e7a do Galo Negro, aproxima-se o XIV Congresso, e alguns subrepticiamente,outros mais claramente, tentam capitalizar um poss\u00edvel relacionamento franco e transparente com Jo\u00e3o Louren\u00e7o, depois da derrota inapel\u00e1vel no plano externo, tamb\u00e9m internamente o Senhor Presidente da Rep\u00fablica vai marcando pontos com obra feita, o bacharel tirano psicopata intruj\u00e3oACJ &#8220;Betinho&#8221;, o seu mentor Lukamba &#8220;Miau&#8221; Gato, e o o l\u00edder da desintelig\u00eancia Eug\u00e9nio Manuvakola, est\u00e3o cada vez mais isolados.<\/p>\n\n\n\n<p>J\u00e1 Adriano Sapi\u00f1ala, surpreendentemente vai descolando da nomenclatura d\u00e9spota, percorre o pa\u00eds, e tenta branquear a filia\u00e7\u00e3o de Samuel Chiwale, e apresenta-se ao lado de familiares da parte Sapi\u00f1ala.<\/p>\n\n\n\n<p>Quem anda em p\u00e2nico a esconder-se do medo \u00e9 Nelito Ekuikui, que ousou correr em pista pr\u00f3pria mas lesionou-se com as mensagens difundidas pelo pombo correio Liberty Chiyaca, que \u00e9 um dos espalha medos da bolha da realidade paralela.<\/p>\n\n\n\n<p>De resto temos o privil\u00e9gio de ter circo em perman\u00eancia, as cenas protagonizadas pela UNITA e o PRA-JA, s\u00e3o hilariantes, \u00e9 espantoso como disfar\u00e7am serem diferentes quando a plateia sabe que s\u00e3o iguais. <\/p>\n\n\n\n<p>\u00c9 por estas e outras, sempre assentes em mentiras, calculismos e aventureirismos, que se criaram incompatibilidades insan\u00e1veis, Angola n\u00e3o pode estar dependente de posturas ocasionais, n\u00e3o h\u00e1 nem pode haver, com lealdade, confian\u00e7a e transpar\u00eancia, di\u00e1logo fecundo entre todas as partes, h\u00e1 demasiadas arestas calcinadas que bloqueiam a engrenagem, para ultrapassar todo este cen\u00e1rio que obstaculiza qualquer governa\u00e7\u00e3o, imp\u00f5e-se a Refunda\u00e7\u00e3o de todo o Sistema, e para salvar o Regime, torna-se inadi\u00e1vel a Nova Rep\u00fablica, que fa\u00e7a florescer as Ra\u00edzes de Esperan\u00e7a.<\/p>\n","protected":false},"excerpt":{"rendered":"<p>Ontem jamais acreditaria, hoje li e reli, incr\u00e9dulo, na p\u00e1gina de Mihaela Webba, a pretensiosa e presun\u00e7osa deputada da UNITA, pela primeira vez, respeitou a legitimidade democr\u00e1tica do Senhor Presidente da Rep\u00fablica, e at\u00e9 o tem como perspicaz e avisado quanto ao futuro.Eu li:&#8221;A ambi\u00e7\u00e3o de Carolina Cerqueira se estamos lembrados era a de ser [&hellip;]<\/p>\n","protected":false},"author":5,"featured_media":5691,"comment_status":"closed","ping_status":"closed","sticky":false,"template":"","format":"standard","meta":{"inline_featured_image":false,"footnotes":""},"categories":[105,21],"tags":[89,24,33,25],"class_list":["post-15674","post","type-post","status-publish","format-standard","has-post-thumbnail","hentry","category-noticias","category-opiniao","tag-angola","tag-galo-negro","tag-joao-lourenco","tag-unita"],"_links":{"self":[{"href":"https:\/\/tribunadeangola.org\/index.php?rest_route=\/wp\/v2\/posts\/15674","targetHints":{"allow":["GET"]}}],"collection":[{"href":"https:\/\/tribunadeangola.org\/index.php?rest_route=\/wp\/v2\/posts"}],"about":[{"href":"https:\/\/tribunadeangola.org\/index.php?rest_route=\/wp\/v2\/types\/post"}],"author":[{"embeddable":true,"href":"https:\/\/tribunadeangola.org\/index.php?rest_route=\/wp\/v2\/users\/5"}],"replies":[{"embeddable":true,"href":"https:\/\/tribunadeangola.org\/index.php?rest_route=%2Fwp%2Fv2%2Fcomments&post=15674"}],"version-history":[{"count":1,"href":"https:\/\/tribunadeangola.org\/index.php?rest_route=\/wp\/v2\/posts\/15674\/revisions"}],"predecessor-version":[{"id":15675,"href":"https:\/\/tribunadeangola.org\/index.php?rest_route=\/wp\/v2\/posts\/15674\/revisions\/15675"}],"wp:featuredmedia":[{"embeddable":true,"href":"https:\/\/tribunadeangola.org\/index.php?rest_route=\/wp\/v2\/media\/5691"}],"wp:attachment":[{"href":"https:\/\/tribunadeangola.org\/index.php?rest_route=%2Fwp%2Fv2%2Fmedia&parent=15674"}],"wp:term":[{"taxonomy":"category","embeddable":true,"href":"https:\/\/tribunadeangola.org\/index.php?rest_route=%2Fwp%2Fv2%2Fcategories&post=15674"},{"taxonomy":"post_tag","embeddable":true,"href":"https:\/\/tribunadeangola.org\/index.php?rest_route=%2Fwp%2Fv2%2Ftags&post=15674"}],"curies":[{"name":"wp","href":"https:\/\/api.w.org\/{rel}","templated":true}]}}