{"id":15642,"date":"2025-09-03T16:39:14","date_gmt":"2025-09-03T15:39:14","guid":{"rendered":"https:\/\/tribunadeangola.org\/?p=15642"},"modified":"2025-09-08T19:31:00","modified_gmt":"2025-09-08T18:31:00","slug":"a-inquisicao-da-bolha","status":"publish","type":"post","link":"https:\/\/tribunadeangola.org\/?p=15642","title":{"rendered":"A Inquisi\u00e7\u00e3o da Bolha"},"content":{"rendered":"\n<p>Desgra\u00e7adamente para a nossa Angola temos ainda viva, a inquisi\u00e7\u00e3o fundamentalista assente na resistente rela\u00e7\u00e3o conflituosa UNITA\/MPLA. Neste momento, a realidade mostra-nos que a Reconcilia\u00e7\u00e3o Nacional \u00e9 uma farsa pelo sil\u00eancio das armas, mas no sentimento persiste um \u00f3dio de ber\u00e7o, que cada vez mais se revela racista e tribalista por parte do Galo Negro, com dirigentes exibindo-se em Umbundo com uma postura de superioridade. Esta foi a prepara\u00e7\u00e3o colonial incutida para reinar, verificou-se, historicamente comprovado, nos acessos a col\u00e9gios, semin\u00e1rios e Escola de Aplica\u00e7\u00e3o Militar.<\/p>\n\n\n\n<p>Depois de ter sido fundamental para a UNITA, como figura de proa, um grande financiador dos Congressos do Partido, Jardo Muek\u00e1lia, veio agora ser crucificado por que optou pelo PRA-JA, mas com objectivos pr\u00f3prios de um pol\u00edtico independente, ao propor um di\u00e1logo com o Governo e Jo\u00e3o Louren\u00e7o, como \u00fanica forma de se encontrar forma para um Pacto de Regime que mude o Estado e o Pa\u00eds.<\/p>\n\n\n\n<p>Desde Lukamba &#8220;Miau&#8221; Gato, Kamalata Numa, Eug\u00e9nio Manuvakola, todos manifestaram uma desvaloriza\u00e7\u00e3o de Jardo Muek\u00e1lia, atacam-no por estar fora da realidade do Pa\u00eds, e posicionar-se como um traidor da UNITA do bacharel tirano psicopata intruj\u00e3o ACJ &#8220;Betinho&#8221;.<\/p>\n\n\n\n<p>S\u00f3 que o diplomata Jardo Muek\u00e1lia, nos corredores em Washington, sabe o que os americanos pensam da UNITA e do seu l\u00edder, e est\u00e1 informado das trai\u00e7\u00f5es e vingan\u00e7as de dirigentes que ainda est\u00e3o no ativo, e um Galo Negro que vive em Paz assegurada pela Democracia para camufladamente preparar-se para as arrua\u00e7as ecom inten\u00e7\u00e3o de derrubar o Governo.<\/p>\n\n\n\n<p>A vis\u00e3o desta oposi\u00e7\u00e3o \u00e9 decadente, subversiva, que at\u00e9 de factos positivos distorce-os para atacar o Senhor Presidente da Rep\u00fablica. \u00c9 o caso das inaugura\u00e7\u00f5es recentes em Cabinda, a primeira fase da refinaria, a sede do governo provincial e outras obras, mas que por desinforma\u00e7\u00e3o t\u00eam uma vis\u00e3o torpe.<\/p>\n\n\n\n<p>Foi assim com o Aeroporto, tem sido assim com o Corredor do Lobito, e agora com a Refinaria. S\u00e3o investimentos enormes, faseados, n\u00e3o h\u00e1 milagres, \u00e9 assim em todo mundo. O Corredor do Lobito come\u00e7ou com 495 postos de trabalho, vai agora a caminho dos 1.500, com forma\u00e7\u00e3o adequada, m\u00e3o de obra qualificada.<\/p>\n\n\n\n<p>Ao n\u00edvel de servi\u00e7os e produtos manufaturados, os avan\u00e7os nunca tiveram paralelo em 50 anos. Em pol\u00edtica externa, Angola nunca esteve inserida globalmente como est\u00e1 hoje.<\/p>\n\n\n\n<p>\u00c9 tudo isto que provoca medo aos inadaptados, \u00e9 esta multiplica\u00e7\u00e3o positiva que gera medo de ficarem pelo caminho, \u00e9 esta realidade indesment\u00edvel que os afasta da possibilidade de uma Nova Rep\u00fablica.<\/p>\n","protected":false},"excerpt":{"rendered":"<p>Desgra\u00e7adamente para a nossa Angola temos ainda viva, a inquisi\u00e7\u00e3o fundamentalista assente na resistente rela\u00e7\u00e3o conflituosa UNITA\/MPLA. Neste momento, a realidade mostra-nos que a Reconcilia\u00e7\u00e3o Nacional \u00e9 uma farsa pelo sil\u00eancio das armas, mas no sentimento persiste um \u00f3dio de ber\u00e7o, que cada vez mais se revela racista e tribalista por parte do Galo Negro, [&hellip;]<\/p>\n","protected":false},"author":5,"featured_media":7215,"comment_status":"closed","ping_status":"closed","sticky":false,"template":"","format":"standard","meta":{"inline_featured_image":false,"footnotes":""},"categories":[105,21],"tags":[89,24,2451,25],"class_list":["post-15642","post","type-post","status-publish","format-standard","has-post-thumbnail","hentry","category-noticias","category-opiniao","tag-angola","tag-galo-negro","tag-nova-republica","tag-unita"],"_links":{"self":[{"href":"https:\/\/tribunadeangola.org\/index.php?rest_route=\/wp\/v2\/posts\/15642","targetHints":{"allow":["GET"]}}],"collection":[{"href":"https:\/\/tribunadeangola.org\/index.php?rest_route=\/wp\/v2\/posts"}],"about":[{"href":"https:\/\/tribunadeangola.org\/index.php?rest_route=\/wp\/v2\/types\/post"}],"author":[{"embeddable":true,"href":"https:\/\/tribunadeangola.org\/index.php?rest_route=\/wp\/v2\/users\/5"}],"replies":[{"embeddable":true,"href":"https:\/\/tribunadeangola.org\/index.php?rest_route=%2Fwp%2Fv2%2Fcomments&post=15642"}],"version-history":[{"count":1,"href":"https:\/\/tribunadeangola.org\/index.php?rest_route=\/wp\/v2\/posts\/15642\/revisions"}],"predecessor-version":[{"id":15643,"href":"https:\/\/tribunadeangola.org\/index.php?rest_route=\/wp\/v2\/posts\/15642\/revisions\/15643"}],"wp:featuredmedia":[{"embeddable":true,"href":"https:\/\/tribunadeangola.org\/index.php?rest_route=\/wp\/v2\/media\/7215"}],"wp:attachment":[{"href":"https:\/\/tribunadeangola.org\/index.php?rest_route=%2Fwp%2Fv2%2Fmedia&parent=15642"}],"wp:term":[{"taxonomy":"category","embeddable":true,"href":"https:\/\/tribunadeangola.org\/index.php?rest_route=%2Fwp%2Fv2%2Fcategories&post=15642"},{"taxonomy":"post_tag","embeddable":true,"href":"https:\/\/tribunadeangola.org\/index.php?rest_route=%2Fwp%2Fv2%2Ftags&post=15642"}],"curies":[{"name":"wp","href":"https:\/\/api.w.org\/{rel}","templated":true}]}}