{"id":15340,"date":"2025-07-16T16:52:25","date_gmt":"2025-07-16T15:52:25","guid":{"rendered":"https:\/\/tribunadeangola.org\/?p=15340"},"modified":"2025-07-18T20:33:06","modified_gmt":"2025-07-18T19:33:06","slug":"burrice-excessiva-de-webba","status":"publish","type":"post","link":"https:\/\/tribunadeangola.org\/?p=15340","title":{"rendered":"Burrice excessiva de Webba"},"content":{"rendered":"\n<p>Julgava que Webba tinha um mestrado em direito, mas deve ser sobre direito do espa\u00e7o, e n\u00e3o direito angolano.<\/p>\n\n\n\n<p>Hoje por alguma raz\u00e3o absurda resolveu escrever o seguinte: \u201cO General Fernando Garcia Miala foi indultado e n\u00e3o amnistiado, logo n\u00e3o \u00e9 eleg\u00edvel sequer para candidato \u00e0 Deputado muito menos para candidato \u00e0 PR, a n\u00e3o ser que se rasgue a actual Constitui\u00e7\u00e3o\u201d<\/p>\n\n\n\n<p>\u00c9 tudo um disparate. <\/p>\n\n\n\n<p>O general Miala foi condenado a quatro anos de pris\u00e3o por insubordina\u00e7\u00e3o em 2007. Na altura, esta condena\u00e7\u00e3o n\u00e3o o tornava ineleg\u00edvel para candidatura \u00e0 Presid\u00eancia da Rep\u00fablica.<\/p>\n\n\n\n<p>A actual constitui\u00e7\u00e3o s\u00f3 entrou em vigor em 2010, como Webba devia saber, a lei disp\u00f5e para o futuro e n\u00e3o tem efeitos retroactivos, pelo que o tal artigo que ela cita da CRA de 2010, n\u00e3o se pode aplicar a factos de 2007. A sucess\u00e3o de leis no tempo tem regras. <\/p>\n\n\n\n<p>E como se isso n\u00e3o bastasse, o crime de insubordina\u00e7\u00e3o, praticado por quem quer que seja, foi amnistiado pela Lei n.\u00ba 11\/16 de 12 de agosto. Portanto, existe efectivamente uma Amnistia relativamente ao General Miala. Mas nem era necess\u00e1rio.<\/p>\n\n\n\n<p>Estes s\u00e3o dois argumentos que acabam com as burrices de Webba, que segue o chefe dela a dizer disparates em p\u00fablico. H\u00e1 mais argumentos \u00f3bvios, mas ficamos por aqui. <\/p>\n","protected":false},"excerpt":{"rendered":"<p>Julgava que Webba tinha um mestrado em direito, mas deve ser sobre direito do espa\u00e7o, e n\u00e3o direito angolano. Hoje por alguma raz\u00e3o absurda resolveu escrever o seguinte: \u201cO General Fernando Garcia Miala foi indultado e n\u00e3o amnistiado, logo n\u00e3o \u00e9 eleg\u00edvel sequer para candidato \u00e0 Deputado muito menos para candidato \u00e0 PR, a n\u00e3o [&hellip;]<\/p>\n","protected":false},"author":1,"featured_media":5099,"comment_status":"closed","ping_status":"closed","sticky":false,"template":"","format":"standard","meta":{"inline_featured_image":false,"footnotes":""},"categories":[105,21],"tags":[89],"class_list":["post-15340","post","type-post","status-publish","format-standard","has-post-thumbnail","hentry","category-noticias","category-opiniao","tag-angola"],"_links":{"self":[{"href":"https:\/\/tribunadeangola.org\/index.php?rest_route=\/wp\/v2\/posts\/15340","targetHints":{"allow":["GET"]}}],"collection":[{"href":"https:\/\/tribunadeangola.org\/index.php?rest_route=\/wp\/v2\/posts"}],"about":[{"href":"https:\/\/tribunadeangola.org\/index.php?rest_route=\/wp\/v2\/types\/post"}],"author":[{"embeddable":true,"href":"https:\/\/tribunadeangola.org\/index.php?rest_route=\/wp\/v2\/users\/1"}],"replies":[{"embeddable":true,"href":"https:\/\/tribunadeangola.org\/index.php?rest_route=%2Fwp%2Fv2%2Fcomments&post=15340"}],"version-history":[{"count":1,"href":"https:\/\/tribunadeangola.org\/index.php?rest_route=\/wp\/v2\/posts\/15340\/revisions"}],"predecessor-version":[{"id":15341,"href":"https:\/\/tribunadeangola.org\/index.php?rest_route=\/wp\/v2\/posts\/15340\/revisions\/15341"}],"wp:featuredmedia":[{"embeddable":true,"href":"https:\/\/tribunadeangola.org\/index.php?rest_route=\/wp\/v2\/media\/5099"}],"wp:attachment":[{"href":"https:\/\/tribunadeangola.org\/index.php?rest_route=%2Fwp%2Fv2%2Fmedia&parent=15340"}],"wp:term":[{"taxonomy":"category","embeddable":true,"href":"https:\/\/tribunadeangola.org\/index.php?rest_route=%2Fwp%2Fv2%2Fcategories&post=15340"},{"taxonomy":"post_tag","embeddable":true,"href":"https:\/\/tribunadeangola.org\/index.php?rest_route=%2Fwp%2Fv2%2Ftags&post=15340"}],"curies":[{"name":"wp","href":"https:\/\/api.w.org\/{rel}","templated":true}]}}