{"id":15338,"date":"2025-07-16T13:01:19","date_gmt":"2025-07-16T12:01:19","guid":{"rendered":"https:\/\/tribunadeangola.org\/?p=15338"},"modified":"2025-07-17T18:54:51","modified_gmt":"2025-07-17T17:54:51","slug":"contradicoes-dos-aflitos","status":"publish","type":"post","link":"https:\/\/tribunadeangola.org\/?p=15338","title":{"rendered":"Contradi\u00e7\u00f5es dos Aflitos"},"content":{"rendered":"\n<p>Ontem aqui debrucei-me sobre a ca\u00e7a \u00e0s parcerias encetada pelas oposi\u00e7\u00f5es de Angola e Mo\u00e7ambique, j\u00e1 que tanto nos objectivos como nos meios, aparecem cada vez mais unidos, tendo mesmo os operadores terroristas digitais propagarem essa gemina\u00e7\u00e3o.S\u00e3o muitas as recusas, ningu\u00e9m cred\u00edvel, nenhuma diplomacia\u00a0acreditada\u00a0em Luanda, abre as portas a seitas subversivas, e mesmo nessa postura s\u00e3o de uma instabilidade atroz, com contradi\u00e7\u00f5es inaceit\u00e1veis que atentam \u00e0 intelig\u00eancia humana.<\/p>\n\n\n\n<p>Vejamos, tem sido intensa a campanha contra o Governo, sendo acusado de provocar a emigra\u00e7\u00e3o como sa\u00edda salvadora para a crise de muitos cidad\u00e3os, no entanto, somos confrontados com o absurdo torpe e ignominioso, de vernos parceria com o Partido CHEGA em Portugal, justamente aquele que mais maltrata e condena os cidad\u00e3os estrangeiros em terras\u00a0lusas.<\/p>\n\n\n\n<p>Ser\u00e1 que vale tudo?\u00a0Ser\u00e1 que a P\u00e1tria angolana est\u00e1 em saldo?Ser\u00e1 que j\u00e1 n\u00e3o h\u00e1 vergonha para a depend\u00eancia neocolonial?Outra novidade surpreendente, \u00e9 a face de ativista digital da deputada Mihaela Webba, mas confesso, jamais imaginava que pudesse descer tanto nas insinua\u00e7\u00f5es e ambiguidades. <\/p>\n\n\n\n<p>Ent\u00e3o a parlamentar da UNITA queria o nosso Presidente da Rep\u00fablica, de p\u00e9 no retrato de vassalagem a Donald Trump sentado no seu trono, ao lado, por exemplo, do presidente da Guin\u00e9 Bissau? <\/p>\n\n\n\n<p>Ser\u00e1 a deputada da UNITA contra o exerc\u00edcio da\u00a0Pol\u00edcia Nacional\u00a0 em defesa da Ordem P\u00fablica?Sabe, senhora deputada Mihaela Webba, o l\u00edder do CHEGA, Andr\u00e9 Ventura, \u00e9 quem mais defende em Portugal o poder e ac\u00e7\u00e3o das pol\u00edcias na defesa da Ordem P\u00fablica. Viktor \u00d3rban, da Hungria, \u00e9 tamb\u00e9m alinhado no mesmo diapas\u00e3o. <\/p>\n\n\n\n<p>N\u00e3o deveria ser\u00a0a UNITA uma caixa-de-resson\u00e2ncia? Mas o mundo n\u00e3o p\u00e1ra, n\u00e3o est\u00e1 cego, \u00e9 verdade que oposi\u00e7\u00e3o atrapalha, \u00e9 uma quest\u00e3o de tempo, hoje mesmo todas as ag\u00eancias de Rating internacionais d\u00e3o relevo a Angola pela escusa de recorrer ao FMI, e da d\u00edvida \u00e0 China estar no n\u00edvel m\u00ednimo de sempre, ou seja 8 bili\u00f5es de d\u00f3lares, quando Jo\u00e3o Louren\u00e7o recebeu\u00a0como heran\u00e7a 20 bili\u00f5es.<\/p>\n\n\n\n<p>Amanh\u00e3 temos em Luanda, no audit\u00f3rio da Universidade Cat\u00f3lica, por iniciativa da\u00a0Embaixada dos Estados Unidos da Am\u00e9rica realiza-se,\u00a0 o Primeiro F\u00f3rum sobre Intelig\u00eancia Artificial em Angola, sob o tema \u201cComo a intelig\u00eancia artificial pode mudar o mundo\u201d.<\/p>\n\n\n\n<p>No Brasil e em certos quadrantes em Portugal, j\u00e1 ganha corpo de forma muito positiva, a ideia de uma Nova Rep\u00fablica, e h\u00e1 uma unanimidade de que o Senhor Presidente da Rep\u00fablica, enquanto Chefe de Estado e Chefe das For\u00e7as Armadas, est\u00e1 posicionado para assegurar o Projeto de Mudan\u00e7a.Vamos todos apoiar a Nova Rep\u00fablica da mudan\u00e7a e da esperan\u00e7a.<\/p>\n","protected":false},"excerpt":{"rendered":"<p>Ontem aqui debrucei-me sobre a ca\u00e7a \u00e0s parcerias encetada pelas oposi\u00e7\u00f5es de Angola e Mo\u00e7ambique, j\u00e1 que tanto nos objectivos como nos meios, aparecem cada vez mais unidos, tendo mesmo os operadores terroristas digitais propagarem essa gemina\u00e7\u00e3o.S\u00e3o muitas as recusas, ningu\u00e9m cred\u00edvel, nenhuma diplomacia\u00a0acreditada\u00a0em Luanda, abre as portas a seitas subversivas, e mesmo nessa postura [&hellip;]<\/p>\n","protected":false},"author":5,"featured_media":7475,"comment_status":"closed","ping_status":"closed","sticky":false,"template":"","format":"standard","meta":{"inline_featured_image":false,"footnotes":""},"categories":[105,21],"tags":[89,587,25],"class_list":["post-15338","post","type-post","status-publish","format-standard","has-post-thumbnail","hentry","category-noticias","category-opiniao","tag-angola","tag-oposicao","tag-unita"],"_links":{"self":[{"href":"https:\/\/tribunadeangola.org\/index.php?rest_route=\/wp\/v2\/posts\/15338","targetHints":{"allow":["GET"]}}],"collection":[{"href":"https:\/\/tribunadeangola.org\/index.php?rest_route=\/wp\/v2\/posts"}],"about":[{"href":"https:\/\/tribunadeangola.org\/index.php?rest_route=\/wp\/v2\/types\/post"}],"author":[{"embeddable":true,"href":"https:\/\/tribunadeangola.org\/index.php?rest_route=\/wp\/v2\/users\/5"}],"replies":[{"embeddable":true,"href":"https:\/\/tribunadeangola.org\/index.php?rest_route=%2Fwp%2Fv2%2Fcomments&post=15338"}],"version-history":[{"count":1,"href":"https:\/\/tribunadeangola.org\/index.php?rest_route=\/wp\/v2\/posts\/15338\/revisions"}],"predecessor-version":[{"id":15339,"href":"https:\/\/tribunadeangola.org\/index.php?rest_route=\/wp\/v2\/posts\/15338\/revisions\/15339"}],"wp:featuredmedia":[{"embeddable":true,"href":"https:\/\/tribunadeangola.org\/index.php?rest_route=\/wp\/v2\/media\/7475"}],"wp:attachment":[{"href":"https:\/\/tribunadeangola.org\/index.php?rest_route=%2Fwp%2Fv2%2Fmedia&parent=15338"}],"wp:term":[{"taxonomy":"category","embeddable":true,"href":"https:\/\/tribunadeangola.org\/index.php?rest_route=%2Fwp%2Fv2%2Fcategories&post=15338"},{"taxonomy":"post_tag","embeddable":true,"href":"https:\/\/tribunadeangola.org\/index.php?rest_route=%2Fwp%2Fv2%2Ftags&post=15338"}],"curies":[{"name":"wp","href":"https:\/\/api.w.org\/{rel}","templated":true}]}}