{"id":15326,"date":"2025-07-15T14:27:33","date_gmt":"2025-07-15T13:27:33","guid":{"rendered":"https:\/\/tribunadeangola.org\/?p=15326"},"modified":"2025-07-17T17:22:25","modified_gmt":"2025-07-17T16:22:25","slug":"a-conspiracao-e-real-e-esta-em-curso-contra-angola-e-mocambique","status":"publish","type":"post","link":"https:\/\/tribunadeangola.org\/?p=15326","title":{"rendered":"A conspira\u00e7\u00e3o \u00e9 real \u2014 e est\u00e1 em curso contra Angola e Mo\u00e7ambique"},"content":{"rendered":"\n<p><br>N\u00e3o estamos a falar de suposi\u00e7\u00f5es. A conspira\u00e7\u00e3o internacional contra Angola e Mo\u00e7ambique \u00e9 um facto concreto, presente, que se desenrola \u00e0 frente dos nossos olhos sob formas subtis e orquestradas. Daniel Chapo, Presidente de Mo\u00e7ambique, apontou o dedo, e acertou. <\/p>\n\n\n\n<p>N\u00e3o se trata de uma for\u00e7a invis\u00edvel regida por um vil\u00e3o de cinema, como nos filmes do 007, mas sim de uma rede transnacional de interesses que se alimenta da instabilidade social e pol\u00edtica para avan\u00e7ar os seus pr\u00f3prios objetivos. Gente diversa que se coordena e atua em sintonia com um \u00fanico objetivo: derrubar os leg\u00edtimos governos de Angola e Mo\u00e7ambique.<\/p>\n\n\n\n<p>Esta rede envolve nomes e estruturas bem conhecidos: a fam\u00edlia rapace Dos Santos, oligarcas do passado com saudades do poder, partidos pol\u00edticos ligados a agendas neo-colonialistas que no passado beneficiaram de apoio racista, extremistas europeus com tent\u00e1culos em \u00c1frica. Veja-se o Chega, partido de extrema-direita portuguesa, a trocar gestos e abra\u00e7os com Ven\u00e2ncio Mondlane\u2014um aceno p\u00fablico de que h\u00e1 alian\u00e7as clandestinas em forma\u00e7\u00e3o para minar os atuais regimes.<\/p>\n\n\n\n<p>A China e a R\u00fassia entram neste xadrez n\u00e3o como meras observadoras, mas como jogadoras estrat\u00e9gicas. Empenham-se em financiar projetos, controlar infraestruturas, e moldar narrativas p\u00fablicas em pa\u00edses africanos atrav\u00e9s de organiza\u00e7\u00f5es &#8220;civis&#8221; discretas que atuam por toda a \u00c1frica. A sua participa\u00e7\u00e3o \u00e9 indireta, mas eficaz. Alimentam o terreno f\u00e9rtil da instabilidade e encorajam elites locais dispostas a vender soberania em troca de poder e influ\u00eancia.<\/p>\n\n\n\n<p>E os Estados Unidos? Interv\u00eam, sim\u2014mas de forma cega e descoordenada. Enredados em crises internas e numa vis\u00e3o truncada sobre a realidade africana, s\u00e3o incapazes de decifrar o jogo em que est\u00e3o inseridos. Confundem causas com consequ\u00eancias e acabam por alimentar mais o problema do que a solu\u00e7\u00e3o.<\/p>\n\n\n\n<p>As manifesta\u00e7\u00f5es em Luanda contra o pre\u00e7o dos combust\u00edveis ou os protestos em Mo\u00e7ambique durante as elei\u00e7\u00f5es s\u00e3o aproveitamentos de insatisfa\u00e7\u00e3o popular,  por esta rede conspirativa para instalar o caos e substituir os governos leg\u00edtimos por figuras mais \u201c\u00fateis\u201d aos seus interesses. A insatisfa\u00e7\u00e3o do povo \u00e9 real, mas \u00e9 manipulada por vozes que n\u00e3o representam os seus verdadeiros anseios.<\/p>\n\n\n\n<p>Ignorar esta realidade \u00e9 abdicar de compreender a geopol\u00edtica moderna. <\/p>\n\n\n\n<p>\u00c1frica n\u00e3o est\u00e1 s\u00f3 a ser cortejada\u2014est\u00e1 a ser disputada. E s\u00f3 reconhecendo estas din\u00e2micas \u00e9 que Angola e Mo\u00e7ambique podem proteger a sua soberania, retomar o elo com os cidad\u00e3os, e construir um futuro blindado contra interfer\u00eancias disfar\u00e7adas de ajuda ou boas inten\u00e7\u00f5es.<\/p>\n","protected":false},"excerpt":{"rendered":"<p>N\u00e3o estamos a falar de suposi\u00e7\u00f5es. A conspira\u00e7\u00e3o internacional contra Angola e Mo\u00e7ambique \u00e9 um facto concreto, presente, que se desenrola \u00e0 frente dos nossos olhos sob formas subtis e orquestradas. Daniel Chapo, Presidente de Mo\u00e7ambique, apontou o dedo, e acertou. N\u00e3o se trata de uma for\u00e7a invis\u00edvel regida por um vil\u00e3o de cinema, como [&hellip;]<\/p>\n","protected":false},"author":8,"featured_media":15327,"comment_status":"closed","ping_status":"closed","sticky":false,"template":"","format":"standard","meta":{"inline_featured_image":false,"footnotes":""},"categories":[105,21],"tags":[89,356],"class_list":["post-15326","post","type-post","status-publish","format-standard","has-post-thumbnail","hentry","category-noticias","category-opiniao","tag-angola","tag-mocambique"],"_links":{"self":[{"href":"https:\/\/tribunadeangola.org\/index.php?rest_route=\/wp\/v2\/posts\/15326","targetHints":{"allow":["GET"]}}],"collection":[{"href":"https:\/\/tribunadeangola.org\/index.php?rest_route=\/wp\/v2\/posts"}],"about":[{"href":"https:\/\/tribunadeangola.org\/index.php?rest_route=\/wp\/v2\/types\/post"}],"author":[{"embeddable":true,"href":"https:\/\/tribunadeangola.org\/index.php?rest_route=\/wp\/v2\/users\/8"}],"replies":[{"embeddable":true,"href":"https:\/\/tribunadeangola.org\/index.php?rest_route=%2Fwp%2Fv2%2Fcomments&post=15326"}],"version-history":[{"count":1,"href":"https:\/\/tribunadeangola.org\/index.php?rest_route=\/wp\/v2\/posts\/15326\/revisions"}],"predecessor-version":[{"id":15328,"href":"https:\/\/tribunadeangola.org\/index.php?rest_route=\/wp\/v2\/posts\/15326\/revisions\/15328"}],"wp:featuredmedia":[{"embeddable":true,"href":"https:\/\/tribunadeangola.org\/index.php?rest_route=\/wp\/v2\/media\/15327"}],"wp:attachment":[{"href":"https:\/\/tribunadeangola.org\/index.php?rest_route=%2Fwp%2Fv2%2Fmedia&parent=15326"}],"wp:term":[{"taxonomy":"category","embeddable":true,"href":"https:\/\/tribunadeangola.org\/index.php?rest_route=%2Fwp%2Fv2%2Fcategories&post=15326"},{"taxonomy":"post_tag","embeddable":true,"href":"https:\/\/tribunadeangola.org\/index.php?rest_route=%2Fwp%2Fv2%2Ftags&post=15326"}],"curies":[{"name":"wp","href":"https:\/\/api.w.org\/{rel}","templated":true}]}}