{"id":14781,"date":"2025-05-03T17:07:11","date_gmt":"2025-05-03T16:07:11","guid":{"rendered":"https:\/\/tribunadeangola.org\/?p=14781"},"modified":"2025-05-07T09:10:36","modified_gmt":"2025-05-07T08:10:36","slug":"a-angolanidade-lusitana","status":"publish","type":"post","link":"https:\/\/tribunadeangola.org\/?p=14781","title":{"rendered":"A angolanidade lusitana"},"content":{"rendered":"\n<p><\/p>\n\n\n\n<p><\/p>\n\n\n\n<p>A frente pela fal\u00eancia do Estado Angolano mobilizou-se no seu reduto, Lisboa, para desferir mais um flagelo \u00e0 soberania nacional atrav\u00e9s da assessoria pol\u00edtica disfar\u00e7ada de jornalismo e an\u00e1lise pol\u00edtica.<\/p>\n\n\n\n<p>\u00c0 trupe dos Judas, junta-se Albino Pakissi, o padre papa-freiras, escorra\u00e7ado do Semin\u00e1rio e do conv\u00edvio eclesi\u00e1stico por ter desviado um monumental n\u00famero de ovelhas novi\u00e7as ao ponto de se ter amigado com uma jovem do Huambo em Lisboa, enquanto a Santa S\u00e9 custeava os deleites libidinosos do agora soci\u00f3logo.<\/p>\n\n\n\n<p>A comiss\u00e3o de acolhimento, constitu\u00edda pela tr\u00edplice Gra\u00e7a Campos, David Boio e Evaristo Mulaza, sa\u00fada o novo membro da fam\u00edlia, pois a frente de desintegra\u00e7\u00e3o dos valores mais nobres da angolanidade est\u00e1 reunida na p\u00e1tria colonizadora, catando asilos, passaportes vermelhos e subs\u00eddios da Uni\u00e3o Europeia, pois a luta c\u00edvica &#8220;n\u00e3o se compadece com uma vida de restri\u00e7\u00f5es&#8221; como a que vive qualquer cidad\u00e3o honesto, seja ele angolano ou portugu\u00eas.<\/p>\n\n\n\n<p>Avante a revolu\u00e7\u00e3o das francesinhas, dos past\u00e9is de nata, dos vinhos tintos e brancos e do bacalhau!<\/p>\n","protected":false},"excerpt":{"rendered":"<p>A frente pela fal\u00eancia do Estado Angolano mobilizou-se no seu reduto, Lisboa, para desferir mais um flagelo \u00e0 soberania nacional atrav\u00e9s da assessoria pol\u00edtica disfar\u00e7ada de jornalismo e an\u00e1lise pol\u00edtica. \u00c0 trupe dos Judas, junta-se Albino Pakissi, o padre papa-freiras, escorra\u00e7ado do Semin\u00e1rio e do conv\u00edvio eclesi\u00e1stico por ter desviado um monumental n\u00famero de ovelhas [&hellip;]<\/p>\n","protected":false},"author":15,"featured_media":14782,"comment_status":"closed","ping_status":"closed","sticky":false,"template":"","format":"standard","meta":{"inline_featured_image":false,"footnotes":""},"categories":[105,21],"tags":[89],"class_list":["post-14781","post","type-post","status-publish","format-standard","has-post-thumbnail","hentry","category-noticias","category-opiniao","tag-angola"],"_links":{"self":[{"href":"https:\/\/tribunadeangola.org\/index.php?rest_route=\/wp\/v2\/posts\/14781","targetHints":{"allow":["GET"]}}],"collection":[{"href":"https:\/\/tribunadeangola.org\/index.php?rest_route=\/wp\/v2\/posts"}],"about":[{"href":"https:\/\/tribunadeangola.org\/index.php?rest_route=\/wp\/v2\/types\/post"}],"author":[{"embeddable":true,"href":"https:\/\/tribunadeangola.org\/index.php?rest_route=\/wp\/v2\/users\/15"}],"replies":[{"embeddable":true,"href":"https:\/\/tribunadeangola.org\/index.php?rest_route=%2Fwp%2Fv2%2Fcomments&post=14781"}],"version-history":[{"count":1,"href":"https:\/\/tribunadeangola.org\/index.php?rest_route=\/wp\/v2\/posts\/14781\/revisions"}],"predecessor-version":[{"id":14783,"href":"https:\/\/tribunadeangola.org\/index.php?rest_route=\/wp\/v2\/posts\/14781\/revisions\/14783"}],"wp:featuredmedia":[{"embeddable":true,"href":"https:\/\/tribunadeangola.org\/index.php?rest_route=\/wp\/v2\/media\/14782"}],"wp:attachment":[{"href":"https:\/\/tribunadeangola.org\/index.php?rest_route=%2Fwp%2Fv2%2Fmedia&parent=14781"}],"wp:term":[{"taxonomy":"category","embeddable":true,"href":"https:\/\/tribunadeangola.org\/index.php?rest_route=%2Fwp%2Fv2%2Fcategories&post=14781"},{"taxonomy":"post_tag","embeddable":true,"href":"https:\/\/tribunadeangola.org\/index.php?rest_route=%2Fwp%2Fv2%2Ftags&post=14781"}],"curies":[{"name":"wp","href":"https:\/\/api.w.org\/{rel}","templated":true}]}}