{"id":14503,"date":"2025-04-01T17:21:24","date_gmt":"2025-04-01T16:21:24","guid":{"rendered":"https:\/\/tribunadeangola.org\/?p=14503"},"modified":"2025-04-03T11:50:28","modified_gmt":"2025-04-03T10:50:28","slug":"o-dilema","status":"publish","type":"post","link":"https:\/\/tribunadeangola.org\/?p=14503","title":{"rendered":"O Dilema"},"content":{"rendered":"\n<p>Tendo Jo\u00e3o Louren\u00e7o e Fernando Miala com \u00e1libi para sustentar uma arrua\u00e7a evolutiva at\u00e9 \u00e0 tentativa de uma insurrei\u00e7\u00e3o, agigantam-se nas \u00faltimas horas as estrat\u00e9gias e narrativas para saber quem vai liderar esta ilus\u00e3o doentia.<\/p>\n\n\n\n<p>Adalberto Costa J\u00fanior est\u00e1 em p\u00e2nico, Abel Epalanga Chivukuvuku, contra todas as expectativas, v\u00ea a sua hipot\u00e9tica lideran\u00e7a do PRA-JA a ser posta em causa, no momento em que vem \u00e0 tona uma certeza, ACJ &#8220;Betinho&#8221; e Abel Chivukuvuku, est\u00e3o em desacordo irrevers\u00edvel, nem os la\u00e7os familiares atenuam a feroz ruptura.<\/p>\n\n\n\n<p>Mais, h\u00e1 uma s\u00e9rie de handicaps que fragilizam a UNITA neste momento, armazenaram material fundamental para apoiar a insurrei\u00e7\u00e3o, t\u00eam armaz\u00e9ns cheios de material de apoio log\u00edstico e confrontos urbanos, que nesta hora da contabiliza\u00e7\u00e3o constata-se estar obsoleto.<\/p>\n\n\n\n<p>S\u00f3 que politicamente, perante a certeza da inoperacionalidade da PGR, o l\u00edder parlamentar, o cabe\u00e7udo Liberty Chiyaca, em conectividade com a FLEC e o bispo revolucion\u00e1rio de Cabinda, D. Belmiro Chissengueti, anuncia levar ao Parlamento, pasme-se, propor uma negocia\u00e7\u00e3o com os terroristas assassinos uma Paz, abrindo caminho \u00e0 autodetermina\u00e7\u00e3o da Prov\u00edncia do Maiombe.<\/p>\n\n\n\n<p>Se \u00e9 irritante o laxismo da PGR, n\u00e3o \u00e9 menos surpreendente a falta de iniciativa do Grupo Parlamentar da Maioria na Assembleia Nacional, come\u00e7a a ser vergonhoso a paralisia n\u00e3o tendo havido durante a legislatura, uma Mo\u00e7\u00e3o de Confian\u00e7a ao Governo e ao Senhor Presidente da Rep\u00fablica.<\/p>\n\n\n\n<p>H\u00e1 casos em que a intriga assume propor\u00e7\u00f5es pol\u00edticas para l\u00e1 do exagero, \u00e9 um estigma perene apontado a Jo\u00e3o Louren\u00e7o e \u00e0 sua fam\u00edlia, j\u00e1 s\u00e3o donos do Grupo Carrinho, do Grupo Silvestre Tulumba, do Corredor do Lobito, e colocou a filha na BODIVA para adquirir a UNITEL e outras empresas estatais.<\/p>\n\n\n\n<p>Tamb\u00e9m Fernando Miala \u00e9 o diabo em pessoa, mata criancinhas todos os dias, cria intentonas para culpar o ACJ &#8220;Betinho&#8221; e o Liberty Chiyaca, \u00e9 um opressor que limita a liberdade de express\u00e3o, mas que tem todos os patifes e abutres, em liberdade, e todos os papagaios aven\u00e7ados e debitar insultos e intrigas destruindo a autoestima dos angolanos.<\/p>\n\n\n\n<p>Confesso que a anarquia est\u00e1 a fazer o seu caminho sem oposi\u00e7\u00e3o, s\u00f3 n\u00e3o foi mais longe porque o Povo, adulto, atento, j\u00e1 n\u00e3o vai em aventuras, apenas se mobilizam jovens na idade da irrever\u00eancia, que nem sequer t\u00eam idade para votar, da\u00ed a ilus\u00e3o doentia que tem como consequ\u00eancia um somat\u00f3rio de derrotas.<\/p>\n\n\n\n<p>Desafio aqui, sem mais demoras, o Grupo Parlamentar do MPLA a apresentar uma Mo\u00e7\u00e3o de Confian\u00e7a ao Governo e ao Senhor Presidente da Rep\u00fablica, na Assembleia Nacional. Aposto que n\u00e3o ter\u00e1 90 votos contra, deixar-me-ia num astral que s\u00f3 se atinge com raz\u00e3o.<\/p>\n","protected":false},"excerpt":{"rendered":"<p>Tendo Jo\u00e3o Louren\u00e7o e Fernando Miala com \u00e1libi para sustentar uma arrua\u00e7a evolutiva at\u00e9 \u00e0 tentativa de uma insurrei\u00e7\u00e3o, agigantam-se nas \u00faltimas horas as estrat\u00e9gias e narrativas para saber quem vai liderar esta ilus\u00e3o doentia. Adalberto Costa J\u00fanior est\u00e1 em p\u00e2nico, Abel Epalanga Chivukuvuku, contra todas as expectativas, v\u00ea a sua hipot\u00e9tica lideran\u00e7a do PRA-JA [&hellip;]<\/p>\n","protected":false},"author":5,"featured_media":10761,"comment_status":"closed","ping_status":"closed","sticky":false,"template":"","format":"standard","meta":{"inline_featured_image":false,"footnotes":""},"categories":[105,21],"tags":[327,491,397,33,25],"class_list":["post-14503","post","type-post","status-publish","format-standard","has-post-thumbnail","hentry","category-noticias","category-opiniao","tag-abel-chivukuvuku","tag-acj","tag-general-fernando-miala","tag-joao-lourenco","tag-unita"],"_links":{"self":[{"href":"https:\/\/tribunadeangola.org\/index.php?rest_route=\/wp\/v2\/posts\/14503","targetHints":{"allow":["GET"]}}],"collection":[{"href":"https:\/\/tribunadeangola.org\/index.php?rest_route=\/wp\/v2\/posts"}],"about":[{"href":"https:\/\/tribunadeangola.org\/index.php?rest_route=\/wp\/v2\/types\/post"}],"author":[{"embeddable":true,"href":"https:\/\/tribunadeangola.org\/index.php?rest_route=\/wp\/v2\/users\/5"}],"replies":[{"embeddable":true,"href":"https:\/\/tribunadeangola.org\/index.php?rest_route=%2Fwp%2Fv2%2Fcomments&post=14503"}],"version-history":[{"count":1,"href":"https:\/\/tribunadeangola.org\/index.php?rest_route=\/wp\/v2\/posts\/14503\/revisions"}],"predecessor-version":[{"id":14504,"href":"https:\/\/tribunadeangola.org\/index.php?rest_route=\/wp\/v2\/posts\/14503\/revisions\/14504"}],"wp:featuredmedia":[{"embeddable":true,"href":"https:\/\/tribunadeangola.org\/index.php?rest_route=\/wp\/v2\/media\/10761"}],"wp:attachment":[{"href":"https:\/\/tribunadeangola.org\/index.php?rest_route=%2Fwp%2Fv2%2Fmedia&parent=14503"}],"wp:term":[{"taxonomy":"category","embeddable":true,"href":"https:\/\/tribunadeangola.org\/index.php?rest_route=%2Fwp%2Fv2%2Fcategories&post=14503"},{"taxonomy":"post_tag","embeddable":true,"href":"https:\/\/tribunadeangola.org\/index.php?rest_route=%2Fwp%2Fv2%2Ftags&post=14503"}],"curies":[{"name":"wp","href":"https:\/\/api.w.org\/{rel}","templated":true}]}}