{"id":14292,"date":"2025-03-17T13:58:04","date_gmt":"2025-03-17T12:58:04","guid":{"rendered":"https:\/\/tribunadeangola.org\/?p=14292"},"modified":"2025-03-19T13:42:30","modified_gmt":"2025-03-19T12:42:30","slug":"a-falta-de-inteligencia-emocional-de-acj-e-fpu-internacional","status":"publish","type":"post","link":"https:\/\/tribunadeangola.org\/?p=14292","title":{"rendered":"A falta de intelig\u00eancia emocional de ACJ e FPU internacional"},"content":{"rendered":"\n<p>Sempre dissemos que a par do populismo, um dos grandes problemas que o l\u00edder da UNITA tem \u00e9 a falta da intelig\u00eancia emocional. Facilmente perde-se nos seus discursos e deixa-se levar pela emo\u00e7\u00e3o, o que n\u00e3o \u00e9 recomend\u00e1vel para algu\u00e9m que almeja um dia o poder.<\/p>\n\n\n\n<p>N\u00e3o \u00e9 algo que deve nos assustar, ali\u00e1s j\u00e1 nos acostumaram assim, basta ver as declara\u00e7\u00f5es inflamadas e radicais do General Ab\u00edlio Kamalata Numa em determinados encontros ou palestras.<\/p>\n\n\n\n<p>O processo da constitui\u00e7\u00e3o e lan\u00e7amento da funda\u00e7\u00e3o Jonas Savimbi foi mais um exemplo claro da falta de intelig\u00eancia emocional de ACJ, mesmo sabendo que a mesma foi iniciativa dos filhos e que as funda\u00e7\u00f5es n\u00e3o podem estar associadas a partidos pol\u00edticos, mas ainda assim ACJ queria protagonismo na mesma. Infelizmente, n\u00e3o lhe foi dado este gostinho pelos maninhos, a\u00ed o homem passou a desferir\u00a0nos seus discursos p\u00fablicos ataques \u00e0 comiss\u00e3o instaladora, desconfiando do processo e at\u00e9 mesmo vilipendiando a imagem de quem o lan\u00e7ou na cena pol\u00edtica angolana, o mais velho Isa\u00edas Samakuva.<\/p>\n\n\n\n<p>Quem pretende atingir o poder deve ter decoro, o l\u00edder deve ser mais racional do que emocional, quem age da forma como ACJ age, prova que n\u00e3o escuta e n\u00e3o respeita ningu\u00e9m no seio do partido dele, ali\u00e1s quem ousa falar! A UNITA hoje foi capturada por uma meia d\u00fazia de pessoas que mandam em tudo e em todos, ou seja, UNITA hoje \u00e9\u00a0s\u00f3 do ACJ, ADRIANO SAPI\u00d1ALA, NELITO EKUIKUI, LIBERTY CHIACA, NAVITA NGOLO e um pouco RAFAEL MASSANGA SAVIMBI, MIHAELA WEBA, esta \u00faltima sobrevive no partido pela sua folha de servi\u00e7o, porque ACJ n\u00e3o lhe engole nem a seco.<\/p>\n\n\n\n<p>Hoje, enquanto caminhava para minha labuta em pleno t\u00e1xi ouvia atentamente o discurso proferido por ACJ, no \u00e2mbito da confer\u00eancia internacional do seu partido em Benguela. Entre tudo e mais algumas baboseiras ditas, saltou-me \u00e0 vista mais uma vez a falta de intelig\u00eancia emocional, desrespeitando claramente\u00a0\u00d3rg\u00e3os de Soberania do Estado angolano.<\/p>\n\n\n\n<p>O discurso saiu a quente, no calor\u00a0dos acontecimentos no Aeroporto Internacional 4 Fevereiro, onde a pr\u00f3pria UNITA n\u00e3o assumiu os seus erros protocolares, ou seja, o discurso foi feito no palco onde Ven\u00e2ncio Mondlane daria o show. E vimos na celebra\u00e7\u00e3o dos 59 anos do partido, que a real inten\u00e7\u00e3o da UNITA era trazer os seus amigos para dar show nas celebra\u00e7\u00f5es, aqueles que vieram para uma confer\u00eancia sobre democracia, gritavam efusivamente &#8220;ye..ye.&#8221; viva a UNITA, uma das convidadas Gledis Matiau do Zimbabu\u00e9\u00a0at\u00e9 ousou em dizer &#8220;que tinha a plena certeza que UNITA ganhar\u00e1 as elei\u00e7\u00f5es e governar\u00e1 em Angola&#8221;.<\/p>\n\n\n\n<p>Ainda no \u00e2mbito do discurso das celebra\u00e7\u00f5es de 59 anos do partido, o l\u00edder da UNITA diante dos seus amigos, disse em bom tom que os tribunais t\u00eam estado a mostrar\u00a0 ac\u00e7\u00f5es pat\u00e9ticas e irracionais. Fica evidente a falta de respeito e decoro do l\u00edder da UNITA pelas institui\u00e7\u00f5es angolanas que ele um dia sonha dirigir.<\/p>\n\n\n\n<p>Os Tribunais angolanos exercem o poder judicial, garantindo a justi\u00e7a e igualdade de forma independente. E ACJ deveria ser cuidadoso ao dirigir-se a estas institui\u00e7\u00f5es, inesperadamente por raz\u00f5es dum processo em curso onde alguns elementos do seu partido s\u00e3o arrolados no mesmo, mais uma vez perdeu-se na emo\u00e7\u00e3o e atacou os tribunais.<\/p>\n\n\n\n<p>S\u00e3o estas institui\u00e7\u00f5es que ele considera irracionais e pat\u00e9ticas que em 2027 quando perderem mais uma vez as elei\u00e7\u00f5es, ele vai bater \u00e0 porta para ver as suas patetices de supostas fraudes seriam consideradas.<\/p>\n\n\n\n<p>Ainda no seu discurso, o homem fala em chafurdar na lama, mas parece que a falta de intelig\u00eancia emocional leva-o a chafurdar tamb\u00e9m na lama. No final, a UNITA de Savimbi fica prejudicada pela UNITA de ACJ.<\/p>\n\n\n\n<p>Enfim, parece que o grande\u00a0objectivo n\u00e3o era a confer\u00eancia internacional sobre democracia, era apresentar os seus amigos estrangeiros com os quais quer contar para formar uma plataforma internacional de opositores a n\u00edvel do continente, viu-se afinal de contas que est\u00e3o a tentar criar uma FPU de cariz internacional.<\/p>\n","protected":false},"excerpt":{"rendered":"<p>Sempre dissemos que a par do populismo, um dos grandes problemas que o l\u00edder da UNITA tem \u00e9 a falta da intelig\u00eancia emocional. Facilmente perde-se nos seus discursos e deixa-se levar pela emo\u00e7\u00e3o, o que n\u00e3o \u00e9 recomend\u00e1vel para algu\u00e9m que almeja um dia o poder. N\u00e3o \u00e9 algo que deve nos assustar, ali\u00e1s j\u00e1 [&hellip;]<\/p>\n","protected":false},"author":13,"featured_media":6911,"comment_status":"closed","ping_status":"closed","sticky":false,"template":"","format":"standard","meta":{"inline_featured_image":false,"footnotes":""},"categories":[105,21],"tags":[491,89,1082,25],"class_list":["post-14292","post","type-post","status-publish","format-standard","has-post-thumbnail","hentry","category-noticias","category-opiniao","tag-acj","tag-angola","tag-fpu","tag-unita"],"_links":{"self":[{"href":"https:\/\/tribunadeangola.org\/index.php?rest_route=\/wp\/v2\/posts\/14292","targetHints":{"allow":["GET"]}}],"collection":[{"href":"https:\/\/tribunadeangola.org\/index.php?rest_route=\/wp\/v2\/posts"}],"about":[{"href":"https:\/\/tribunadeangola.org\/index.php?rest_route=\/wp\/v2\/types\/post"}],"author":[{"embeddable":true,"href":"https:\/\/tribunadeangola.org\/index.php?rest_route=\/wp\/v2\/users\/13"}],"replies":[{"embeddable":true,"href":"https:\/\/tribunadeangola.org\/index.php?rest_route=%2Fwp%2Fv2%2Fcomments&post=14292"}],"version-history":[{"count":1,"href":"https:\/\/tribunadeangola.org\/index.php?rest_route=\/wp\/v2\/posts\/14292\/revisions"}],"predecessor-version":[{"id":14293,"href":"https:\/\/tribunadeangola.org\/index.php?rest_route=\/wp\/v2\/posts\/14292\/revisions\/14293"}],"wp:featuredmedia":[{"embeddable":true,"href":"https:\/\/tribunadeangola.org\/index.php?rest_route=\/wp\/v2\/media\/6911"}],"wp:attachment":[{"href":"https:\/\/tribunadeangola.org\/index.php?rest_route=%2Fwp%2Fv2%2Fmedia&parent=14292"}],"wp:term":[{"taxonomy":"category","embeddable":true,"href":"https:\/\/tribunadeangola.org\/index.php?rest_route=%2Fwp%2Fv2%2Fcategories&post=14292"},{"taxonomy":"post_tag","embeddable":true,"href":"https:\/\/tribunadeangola.org\/index.php?rest_route=%2Fwp%2Fv2%2Ftags&post=14292"}],"curies":[{"name":"wp","href":"https:\/\/api.w.org\/{rel}","templated":true}]}}