{"id":14290,"date":"2025-03-17T11:04:39","date_gmt":"2025-03-17T10:04:39","guid":{"rendered":"https:\/\/tribunadeangola.org\/?p=14290"},"modified":"2025-03-19T11:18:18","modified_gmt":"2025-03-19T10:18:18","slug":"perspetiva","status":"publish","type":"post","link":"https:\/\/tribunadeangola.org\/?p=14290","title":{"rendered":"Perspetiva"},"content":{"rendered":"\n<p>Diante dos desafios, suscitam expectativas as iniciativas do Senhor Presidente da Rep\u00fablica, n\u00e3o \u00e9 omnipresente, e hoje as exig\u00eancias dividem-se entre Luanda e Adis Abeba. <\/p>\n\n\n\n<p>Este desiderato s\u00f3 \u00e9 poss\u00edvel porque o Estado Democr\u00e1tico de Direito est\u00e1 em pleno, transmitindo confian\u00e7a, dando garantias de funcionamento das tutelas da diversidade governativa.<\/p>\n\n\n\n<p>N\u00e3o cabe ao Presidente da Rep\u00fablica controlar fronteiras, garantir a seguran\u00e7a, nem pode ocupar-se das incongru\u00eancias da oposi\u00e7\u00e3o, mesmo no seu sil\u00eancio habitual, tem nas exig\u00eancias das suas fun\u00e7\u00f5es muito que fazer.<\/p>\n\n\n\n<p>Coincid\u00eancia ou n\u00e3o, j\u00e1 h\u00e1 reflexos da sua gest\u00e3o angolana na Uni\u00e3o Africana nos \u00faltimos dias, tanto na Europa como noutras paragens onde se disputa a Nova Ordem Mundial, Jo\u00e3o Louren\u00e7o vai granjeando espa\u00e7o nunca conseguido. Da\u00ed o p\u00e2nico dos detratores, por isto os esquemas ruidosos para tentar ludibriar a plebe, mas a meu ver n\u00e3o vale a pena valorizar, este taticismo n\u00e3o vai al\u00e9m das fronteiras das cumplicidades. <\/p>\n\n\n\n<p>Tenho encontrado amigos que n\u00e3o h\u00e1 muito divergiamos porque andavam embriagados pelo bacharel tirano psicopata mentiroso Adalberto Costa J\u00fanior, mas que agora me d\u00e3o raz\u00e3o e t\u00eam-no como um demagogo megal\u00f3mano, e comungam do cansa\u00e7o estampado no rosto idiota ao servi\u00e7o de interesses cada vez mais claros, ou seja capital do narcotr\u00e1fico e do fundamentalismo isl\u00e2mico, traindo a cegueira dos Bispos que n\u00e3o se calam na suas interfer\u00eancias pol\u00edticas, que resultam cada vez mais no surgimento de seitas e religi\u00f5es em Angola.<\/p>\n\n\n\n<p>Mas a mando dos patrocinadores a subvers\u00e3o perene, o novo alvo preferencial \u00e9 Fernando Miala, o l\u00edder da Intelig\u00eancia \u00e9 atacado porque h\u00e1 muito que n\u00e3o faltam na oposi\u00e7\u00e3o substitutos do General, do supra sumo Eug\u00e9nio Manuvakola a Kamalata Numa, \u00e9 hilariante, continuam a confundir o Estado com a Jamba. &#8220;A soberba precede a ru\u00edna, e a altivez do esp\u00edrito precede a queda.&#8221; &#8220;O orgulhoso acabar\u00e1 sempre por ser grandemente humilhado, em contraste, chegar\u00e1 o dia em que o humilde receber\u00e1 honra e gl\u00f3ria.&#8221;Chamem todos os nomes ao Senhor Presidente da Rep\u00fablica, mesmo os mais ign\u00f3beis que seriam casos de justi\u00e7a, talvez dando-lhes import\u00e2ncia que n\u00e3o t\u00eam de onde v\u00eam, mas como aqui j\u00e1 repeti, at\u00e9 e em 2027 vamos ver quem precisa mais, se Jo\u00e3o Louren\u00e7o de Angola, ou Angola de Jo\u00e3o Louren\u00e7o.<\/p>\n","protected":false},"excerpt":{"rendered":"<p>Diante dos desafios, suscitam expectativas as iniciativas do Senhor Presidente da Rep\u00fablica, n\u00e3o \u00e9 omnipresente, e hoje as exig\u00eancias dividem-se entre Luanda e Adis Abeba. Este desiderato s\u00f3 \u00e9 poss\u00edvel porque o Estado Democr\u00e1tico de Direito est\u00e1 em pleno, transmitindo confian\u00e7a, dando garantias de funcionamento das tutelas da diversidade governativa. N\u00e3o cabe ao Presidente da [&hellip;]<\/p>\n","protected":false},"author":5,"featured_media":10214,"comment_status":"closed","ping_status":"closed","sticky":false,"template":"","format":"standard","meta":{"inline_featured_image":false,"footnotes":""},"categories":[105,21],"tags":[89,33,145],"class_list":["post-14290","post","type-post","status-publish","format-standard","has-post-thumbnail","hentry","category-noticias","category-opiniao","tag-angola","tag-joao-lourenco","tag-presidente-da-republica"],"_links":{"self":[{"href":"https:\/\/tribunadeangola.org\/index.php?rest_route=\/wp\/v2\/posts\/14290","targetHints":{"allow":["GET"]}}],"collection":[{"href":"https:\/\/tribunadeangola.org\/index.php?rest_route=\/wp\/v2\/posts"}],"about":[{"href":"https:\/\/tribunadeangola.org\/index.php?rest_route=\/wp\/v2\/types\/post"}],"author":[{"embeddable":true,"href":"https:\/\/tribunadeangola.org\/index.php?rest_route=\/wp\/v2\/users\/5"}],"replies":[{"embeddable":true,"href":"https:\/\/tribunadeangola.org\/index.php?rest_route=%2Fwp%2Fv2%2Fcomments&post=14290"}],"version-history":[{"count":1,"href":"https:\/\/tribunadeangola.org\/index.php?rest_route=\/wp\/v2\/posts\/14290\/revisions"}],"predecessor-version":[{"id":14291,"href":"https:\/\/tribunadeangola.org\/index.php?rest_route=\/wp\/v2\/posts\/14290\/revisions\/14291"}],"wp:featuredmedia":[{"embeddable":true,"href":"https:\/\/tribunadeangola.org\/index.php?rest_route=\/wp\/v2\/media\/10214"}],"wp:attachment":[{"href":"https:\/\/tribunadeangola.org\/index.php?rest_route=%2Fwp%2Fv2%2Fmedia&parent=14290"}],"wp:term":[{"taxonomy":"category","embeddable":true,"href":"https:\/\/tribunadeangola.org\/index.php?rest_route=%2Fwp%2Fv2%2Fcategories&post=14290"},{"taxonomy":"post_tag","embeddable":true,"href":"https:\/\/tribunadeangola.org\/index.php?rest_route=%2Fwp%2Fv2%2Ftags&post=14290"}],"curies":[{"name":"wp","href":"https:\/\/api.w.org\/{rel}","templated":true}]}}