{"id":13523,"date":"2024-11-29T19:17:55","date_gmt":"2024-11-29T18:17:55","guid":{"rendered":"https:\/\/tribunadeangola.org\/?p=13523"},"modified":"2024-12-03T12:57:39","modified_gmt":"2024-12-03T11:57:39","slug":"insistencia-besta","status":"publish","type":"post","link":"https:\/\/tribunadeangola.org\/?p=13523","title":{"rendered":"Insist\u00eancia Besta"},"content":{"rendered":"\n<p>A complexidade criada por intervenientes que ningu\u00e9m tem deles uma ponta\u00a0de saudade, torna cada vez mais rid\u00edcula a insist\u00eancia porque nada mais procuram do que o caos. <\/p>\n\n\n\n<p>Marcolino Moco veio mais uma vez a p\u00fablico, em sintonia com Ant\u00f3nio Ven\u00e2ncio, para darem palpites\u00a0sobre o Congresso do MPLA, a realizar no m\u00eas que se avizinha. O Congresso \u00e9 soberano,nele s\u00f3 t\u00eam voz os senhores congressistas, mal fora se o Partido oscilasse conforme as opini\u00f5es de quem ao longo do tempo veste a pele de traidor, e pol\u00edtica\u00a0e intelectualmente estarem\u00a0reduzidos a pesos residuais, na Sociedade Angolana. <\/p>\n\n\n\n<p>Em todos os sectores, em todas as vertentes da cidadania h\u00e1 uma esperan\u00e7a de moderniza\u00e7\u00e3o do MPLA, que posteriormente culminar\u00e1, com certeza, com uma Revis\u00e3o Constitucional. <\/p>\n\n\n\n<p>O engra\u00e7ado, aut\u00eantica com\u00e9dia, \u00e9 valorizarem Marcolino Moco como ex-Secret\u00e1rio Geral do MPLA, s\u00f3 que Jo\u00e3o Louren\u00e7o est\u00e1 a romper o passado, e esses ditos senhores s\u00e3o hoje uma m\u00e3o cheia de nada, e s\u00f3 um cego n\u00e3o v\u00ea paralelismo, n\u00e3o s\u00e3o coincid\u00eancias, entre estes aven\u00e7ados e o l\u00edder da Oposi\u00e7\u00e3o, o bacharel\u00a0tirano mentiroso psicopata ACJ &#8220;Betinho&#8221;, tamb\u00e9m ele cada vez mais s\u00f3. <\/p>\n\n\n\n<p>Joe Biden, Presidente dos Estados Unidos\u00a0da Am\u00e9rica, chega segunda feira a Luanda, \u00e9 um marco importante para Angola no Mundo, a sua visita \u00e9 lan\u00e7amento do Polvo Americano em que ele \u00e9 a cabe\u00e7a, ele vir\u00e1 abrir as portas \u00e0s Sociedades de Investimento que s\u00e3o os maiores investidores no mundo empresarial, \u00e9 tamb\u00e9m uma nova p\u00e1gina conseguida por Jo\u00e3o Louren\u00e7o na senda da mudan\u00e7a, para a modernidade que est\u00e1 a implementar desde que \u00e9 Presidente da Rep\u00fablica.<\/p>\n\n\n\n<p><strong>Nota Final:<\/strong><br>Recebi esta tarde um telefonema do gabinete do MNE de Portugal, a convidar-me a dirigir-me \u00e0 Procuradoria Geral da Rep\u00fablica. <\/p>\n\n\n\n<p>Conhe\u00e7o a pessoa pessoalmente, \u00e9 jornalista, mas creio estar distra\u00eddo com a fun\u00e7\u00e3o de um jornal que respeita todas as regras deontol\u00f3gicas, e onde quem se sentir atingido pode sempre responder no mesmo espa\u00e7o, sem censura, porque assumimos sempre o que escrevemos. <\/p>\n\n\n\n<p>A jeito de remate, aqui vai mais uma pergunta que gostaria de ter uma resposta; Quantos cidad\u00e3os angolanos vivem em Portugal ao abrigo do Ex\u00edlio Pol\u00edtico? <\/p>\n\n\n\n<p>Quantos cidad\u00e3os angolanos est\u00e3o na Europa nas mesmas condi\u00e7\u00f5es? <\/p>\n\n\n\n<p>Como pode um parceiro na CPLP, integrante\u00a0da Uni\u00e3o Europeia, permitir que um cidad\u00e3o angolano pe\u00e7a Asilo Pol\u00edtico, se \u00e9 oriundo de um Pa\u00eds livre e democr\u00e1tico, respeitador de todas as regras da Democracia? <\/p>\n\n\n\n<p>Esta situa\u00e7\u00e3o \u00e9 gratificante para a\u00a0Oposi\u00e7\u00e3o arruaceira, s\u00e3o messes subs\u00eddio dependentes que se juntam em manifesta\u00e7\u00f5es de protesto para que o estatuto deles permane\u00e7a intoc\u00e1vel.<\/p>\n","protected":false},"excerpt":{"rendered":"<p>A complexidade criada por intervenientes que ningu\u00e9m tem deles uma ponta\u00a0de saudade, torna cada vez mais rid\u00edcula a insist\u00eancia porque nada mais procuram do que o caos. Marcolino Moco veio mais uma vez a p\u00fablico, em sintonia com Ant\u00f3nio Ven\u00e2ncio, para darem palpites\u00a0sobre o Congresso do MPLA, a realizar no m\u00eas que se avizinha. O [&hellip;]<\/p>\n","protected":false},"author":5,"featured_media":5845,"comment_status":"closed","ping_status":"closed","sticky":false,"template":"","format":"standard","meta":{"inline_featured_image":false,"footnotes":""},"categories":[105,21],"tags":[89],"class_list":["post-13523","post","type-post","status-publish","format-standard","has-post-thumbnail","hentry","category-noticias","category-opiniao","tag-angola"],"_links":{"self":[{"href":"https:\/\/tribunadeangola.org\/index.php?rest_route=\/wp\/v2\/posts\/13523","targetHints":{"allow":["GET"]}}],"collection":[{"href":"https:\/\/tribunadeangola.org\/index.php?rest_route=\/wp\/v2\/posts"}],"about":[{"href":"https:\/\/tribunadeangola.org\/index.php?rest_route=\/wp\/v2\/types\/post"}],"author":[{"embeddable":true,"href":"https:\/\/tribunadeangola.org\/index.php?rest_route=\/wp\/v2\/users\/5"}],"replies":[{"embeddable":true,"href":"https:\/\/tribunadeangola.org\/index.php?rest_route=%2Fwp%2Fv2%2Fcomments&post=13523"}],"version-history":[{"count":4,"href":"https:\/\/tribunadeangola.org\/index.php?rest_route=\/wp\/v2\/posts\/13523\/revisions"}],"predecessor-version":[{"id":13528,"href":"https:\/\/tribunadeangola.org\/index.php?rest_route=\/wp\/v2\/posts\/13523\/revisions\/13528"}],"wp:featuredmedia":[{"embeddable":true,"href":"https:\/\/tribunadeangola.org\/index.php?rest_route=\/wp\/v2\/media\/5845"}],"wp:attachment":[{"href":"https:\/\/tribunadeangola.org\/index.php?rest_route=%2Fwp%2Fv2%2Fmedia&parent=13523"}],"wp:term":[{"taxonomy":"category","embeddable":true,"href":"https:\/\/tribunadeangola.org\/index.php?rest_route=%2Fwp%2Fv2%2Fcategories&post=13523"},{"taxonomy":"post_tag","embeddable":true,"href":"https:\/\/tribunadeangola.org\/index.php?rest_route=%2Fwp%2Fv2%2Ftags&post=13523"}],"curies":[{"name":"wp","href":"https:\/\/api.w.org\/{rel}","templated":true}]}}