{"id":13424,"date":"2024-11-19T20:25:25","date_gmt":"2024-11-19T19:25:25","guid":{"rendered":"https:\/\/tribunadeangola.org\/?p=13424"},"modified":"2024-11-22T10:53:09","modified_gmt":"2024-11-22T09:53:09","slug":"nao-e-propaganda","status":"publish","type":"post","link":"https:\/\/tribunadeangola.org\/?p=13424","title":{"rendered":"N\u00e3o \u00e9 propaganda"},"content":{"rendered":"\n<p>N\u00e3o s\u00e3o fotos clandestinas feitas em v\u00e3o de escadas para turistas, o Senhor Presidente da Rep\u00fablica, foi alvo\u00a0 de aten\u00e7\u00f5es espec\u00edficas na Cimeira\u00a0do G20 que est\u00e1 a\u00a0realizar-se no Rio de Janeiro, no\u00a0 Brasil.<\/p>\n\n\n\n<p>Na sua interven\u00e7\u00e3o levou ao Conclave o tema da Agricultura, tema de grande preocupa\u00e7\u00e3o em todos os quadrantes,\u00a0 bem\u00a0como a distribui\u00e7\u00e3o que \u00e9 altamente deficit\u00e1ria. Um tema de grande import\u00e2ncia que marcou o debate.Mas foram tamb\u00e9m importantes os m\u00faltiplos encontros bilaterais, Jo\u00e3o Louren\u00e7o esteve com o Presidente do Conselho da Uni\u00e3o Europeia, Charles Michel, a Diretora Geral da UNESCO, Audrei Azoulay,\u00a0o presidente do Banco Africano de Desenvolvimento, Akinwumi Adriana, e muito importante o\u00a0encontro\u00a0com\u00a0o CEO do Grupo Industrial Farmac\u00eautico EMS, Carlos Eduardo S\u00e1nchez.<\/p>\n\n\n\n<p>Este respeito de igual para igual conquistado pelo pragmatismo do Senhor Presidente da Rep\u00fablica, \u00e9 fruto da sementeira que come\u00e7ou em 2017, e adubada em 2022, \u00e9 esta confian\u00e7a que nos vai levar a colheitas no futuro.<\/p>\n\n\n\n<p>Em simult\u00e2neo, na regi\u00e3o seca no Extremo\u00a0Sul do Pa\u00eds, uma obra conjunta entre Angola e a Nam\u00edbia, juntou autoridades dos dois governos a visitar as obras, altos investimentos fulcrais para os habitantes das regi\u00f5es fronteiri\u00e7as.\u00a0<\/p>\n\n\n\n<p>A barragem de Baynes, cuja conclus\u00e3o est\u00e1 prevista para 2026, vai promover a dinamiza\u00e7\u00e3o da economia, industrializa\u00e7\u00e3o, sustentabilidade ambiental e a universaliza\u00e7\u00e3o do acesso \u00e0 electricidade no pa\u00eds, considerou, segunda-feira, em Windhoek, o ministro da Energia e \u00c1guas. A obra, avaliada em 1.512 milh\u00f5es de d\u00f3lares, \u00e9 um marco na coopera\u00e7\u00e3o e no desenvolvimento energ\u00e9tico da regi\u00e3o. <\/p>\n\n\n\n<p>O acordo foi formalizado pelo ministro da Energia e \u00c1guas de Angola, Jo\u00e3o Baptista Borges, e pelo ministro de Minas e Energia da Nam\u00edbia, Tom Alweendo. Dada a import\u00e2ncia para a Nam\u00edbia, o\u00a0evento contou com a presen\u00e7a de diversas autoridades, incluindo a embaixadora de Angola na Nam\u00edbia, Jovelina Imperial, o Vice-Primeiro-Ministro namibiano, John Mutorwa, e o ministro das Finan\u00e7as da Nam\u00edbia, Ipumbu Shimi.<\/p>\n\n\n\n<p>Com a Oposi\u00e7\u00e3o despeda\u00e7ada em fragmentos familiares e sem uma pol\u00edtica consistente que valorize a cr\u00edtica, temos de ter esperan\u00e7a na Sociedade Civil para fazer renascer ou criar instrumentos de parcerias e alternativas para que possamos aperfei\u00e7oar e consolidar a Democracia, mas essa lufada de ar fresco n\u00e3o pode ser protagonizada\u00a0pelos mesmos que trouxeram a desgra\u00e7a at\u00e9 aqui, n\u00e3o basta mudar\u00a0o nome, um Partido Pol\u00edtico n\u00e3o \u00e9 uma empresa com lugares vital\u00edcios, tem ser promotores de ades\u00e3o das novas gera\u00e7\u00f5es, com ideias novas, com lideran\u00e7as com autoridade e n\u00e3o com Poder, para\u00a0desfrutarmos o perfume da juventude em vez de sermos polu\u00eddos com Fragr\u00e2ncias intoxicantes.<\/p>\n\n\n\n<p>Jo\u00e3o Louren\u00e7o deu consist\u00eancia ao Governo, sofreu as agruras de v\u00e1rios quadrantes unidos contra si, mas ultrapassou, venceu e nunca fugiu \u00e0s responsabilidades perante as dificuldades da heran\u00e7a ruinosa, agora s\u00f3 precisa de tempo, para que o tempo lhe d\u00ea raz\u00e3o.<\/p>\n","protected":false},"excerpt":{"rendered":"<p>N\u00e3o s\u00e3o fotos clandestinas feitas em v\u00e3o de escadas para turistas, o Senhor Presidente da Rep\u00fablica, foi alvo\u00a0 de aten\u00e7\u00f5es espec\u00edficas na Cimeira\u00a0do G20 que est\u00e1 a\u00a0realizar-se no Rio de Janeiro, no\u00a0 Brasil. Na sua interven\u00e7\u00e3o levou ao Conclave o tema da Agricultura, tema de grande preocupa\u00e7\u00e3o em todos os quadrantes,\u00a0 bem\u00a0como a distribui\u00e7\u00e3o que [&hellip;]<\/p>\n","protected":false},"author":5,"featured_media":13427,"comment_status":"closed","ping_status":"closed","sticky":false,"template":"","format":"standard","meta":{"inline_featured_image":false,"footnotes":""},"categories":[105,21],"tags":[89,2708,33,616],"class_list":["post-13424","post","type-post","status-publish","format-standard","has-post-thumbnail","hentry","category-noticias","category-opiniao","tag-angola","tag-g20","tag-joao-lourenco","tag-namibia"],"_links":{"self":[{"href":"https:\/\/tribunadeangola.org\/index.php?rest_route=\/wp\/v2\/posts\/13424","targetHints":{"allow":["GET"]}}],"collection":[{"href":"https:\/\/tribunadeangola.org\/index.php?rest_route=\/wp\/v2\/posts"}],"about":[{"href":"https:\/\/tribunadeangola.org\/index.php?rest_route=\/wp\/v2\/types\/post"}],"author":[{"embeddable":true,"href":"https:\/\/tribunadeangola.org\/index.php?rest_route=\/wp\/v2\/users\/5"}],"replies":[{"embeddable":true,"href":"https:\/\/tribunadeangola.org\/index.php?rest_route=%2Fwp%2Fv2%2Fcomments&post=13424"}],"version-history":[{"count":1,"href":"https:\/\/tribunadeangola.org\/index.php?rest_route=\/wp\/v2\/posts\/13424\/revisions"}],"predecessor-version":[{"id":13426,"href":"https:\/\/tribunadeangola.org\/index.php?rest_route=\/wp\/v2\/posts\/13424\/revisions\/13426"}],"wp:featuredmedia":[{"embeddable":true,"href":"https:\/\/tribunadeangola.org\/index.php?rest_route=\/wp\/v2\/media\/13427"}],"wp:attachment":[{"href":"https:\/\/tribunadeangola.org\/index.php?rest_route=%2Fwp%2Fv2%2Fmedia&parent=13424"}],"wp:term":[{"taxonomy":"category","embeddable":true,"href":"https:\/\/tribunadeangola.org\/index.php?rest_route=%2Fwp%2Fv2%2Fcategories&post=13424"},{"taxonomy":"post_tag","embeddable":true,"href":"https:\/\/tribunadeangola.org\/index.php?rest_route=%2Fwp%2Fv2%2Ftags&post=13424"}],"curies":[{"name":"wp","href":"https:\/\/api.w.org\/{rel}","templated":true}]}}