{"id":13417,"date":"2024-11-18T15:14:17","date_gmt":"2024-11-18T14:14:17","guid":{"rendered":"https:\/\/tribunadeangola.org\/?p=13417"},"modified":"2024-11-21T11:43:22","modified_gmt":"2024-11-21T10:43:22","slug":"o-que-nos-une-e-separa","status":"publish","type":"post","link":"https:\/\/tribunadeangola.org\/?p=13417","title":{"rendered":"O que nos une e separa"},"content":{"rendered":"\n<p>Na v\u00e9spera da Cimeira do G20 no Brasil, Jo\u00e3o Louren\u00e7o e Lula da Silva, frente a frente, com duas delega\u00e7\u00f5es importantes, falaram de dois pa\u00edses t\u00e3o iguais e muito diferentes. Al\u00e9m da globaliza\u00e7\u00e3o s\u00e3o irm\u00e3os que partilham a mesma l\u00edngua, sendo mesmo as duas Na\u00e7\u00f5es em que mais se fala a l\u00edngua de Cam\u00f5es, assumindo uma lideran\u00e7a solid\u00e1ria na CPLP.<\/p>\n\n\n\n<p>Nos \u00edndices internacionais e na liga\u00e7\u00e3o ancestral, ambos nascidos de uma gravidez sofredora da coloniza\u00e7\u00e3o, com 150 anos de diferen\u00e7a, ainda assim com esfor\u00e7o, saudade e sangue, o balan\u00e7o cultural assenta numa profunda influ\u00eancia de Angola no Brasil.<\/p>\n\n\n\n<p>Com todas as diferen\u00e7as que adv\u00eam, o Brasil come\u00e7ou a desenvolver-se ap\u00f3s o fim da Segunda Guerra Mundial atrav\u00e9s de um vision\u00e1rio Juscelino Kubitschek de Oliveira, Angola s\u00f3 apanhou o trilho do progresso em 2017 e refor\u00e7ou em 2022, com a resili\u00eancia de Jo\u00e3o Manuel Gon\u00e7alves Louren\u00e7o.<\/p>\n\n\n\n<p>Ainda assim o Brasil vive uma instabilidade social prop\u00edcio \u00e0 criminalidade, \u00e9 onde mais crimes se cometem no mundo, ontem mesmo, pasme-se, roubaram uma viatura de luxo que fazia parte da frota destinada aos chefes de estado que est\u00e3o a chegar ao Pa\u00eds.<\/p>\n\n\n\n<p>Talvez tenhamos, na percep\u00e7\u00e3o dos cidad\u00e3os, uma partilha em que exigem esfor\u00e7os conjuntos dos dois pa\u00edses, encontrar uma via para que a Justi\u00e7a deixe de ser o Handicap que torna coxa a Democracia nos dois lados do Atl\u00e2ntico, a inoperacionalidade deste Poder independente em Democracia, \u00e9 um incentivo \u00e0 desmobiliza\u00e7\u00e3o das a\u00e7\u00f5es policiais, ou de chegar ao c\u00famulo de assistirmos a Presidente da Assembleia Nacional a pedir aos senhores deputados, decoro e comportamento digno no Parlamento, como se fossem alunos de uma turma mal comportada.<\/p>\n\n\n\n<p>Ontem mesmo um operador digital aven\u00e7ado do Galo Negro, residente em S\u00e3o Paulo, falava de uma fria recep\u00e7\u00e3o do Senhor Presidente da Rep\u00fablica no Brasil, antes mesmo de Jo\u00e3o Louren\u00e7o ter chegado ao Brasil, nem sei se este imbecil est\u00e1 mesmo no Brasil.<\/p>\n\n\n\n<p>Infelizmente somos um Pa\u00eds onde faltam corrigir muitas coisas, b\u00e1sicas em Democracia, n\u00e3o vemos o Parlamento ou a Maioria Parlamentar a congratular-se com a nossa participa\u00e7\u00e3o no G20, n\u00e3o h\u00e1 uma valoriza\u00e7\u00e3o das nossas institui\u00e7\u00f5es por parte dos senhores deputados, n\u00e3o vemos nas sucessivas legislaturas compet\u00eancia para contribuir para o desenvolvimento do da Na\u00e7\u00e3o, pelo contr\u00e1rio, ressaltam para os cidad\u00e3os questi\u00fanculas que s\u00f3 servem para combater a autoestima e dar a ideia de permanente instabilidade.<\/p>\n\n\n\n<p>H\u00e1 coisas que levam muito tempo a erguerem-se, mudar mentalidade leva gera\u00e7\u00f5es. H\u00e1 muita diferen\u00e7a entre um chefe onde impera o medo, e um l\u00edder que assume solu\u00e7\u00f5es com o Povo a dar o seu reconhecimento na hora da decis\u00e3o.<\/p>\n\n\n\n<p>Henry Ford, fundador do maior imp\u00e9rio autom\u00f3vel do mundo, afirmou numa palestra de forma\u00e7\u00e3o dos seus colaboradores: &#8220;Questionar quem deve ser o chefe \u00e9 como discutir quem deve ser o saxofonista num quarteto: evidentemente, quem o sabe tocar&#8221;.<\/p>\n","protected":false},"excerpt":{"rendered":"<p>Na v\u00e9spera da Cimeira do G20 no Brasil, Jo\u00e3o Louren\u00e7o e Lula da Silva, frente a frente, com duas delega\u00e7\u00f5es importantes, falaram de dois pa\u00edses t\u00e3o iguais e muito diferentes. Al\u00e9m da globaliza\u00e7\u00e3o s\u00e3o irm\u00e3os que partilham a mesma l\u00edngua, sendo mesmo as duas Na\u00e7\u00f5es em que mais se fala a l\u00edngua de Cam\u00f5es, assumindo [&hellip;]<\/p>\n","protected":false},"author":5,"featured_media":13418,"comment_status":"closed","ping_status":"closed","sticky":false,"template":"","format":"standard","meta":{"inline_featured_image":false,"footnotes":""},"categories":[105,21],"tags":[89,184,2708,33,2528],"class_list":["post-13417","post","type-post","status-publish","format-standard","has-post-thumbnail","hentry","category-noticias","category-opiniao","tag-angola","tag-brasil","tag-g20","tag-joao-lourenco","tag-lula-da-silva"],"_links":{"self":[{"href":"https:\/\/tribunadeangola.org\/index.php?rest_route=\/wp\/v2\/posts\/13417","targetHints":{"allow":["GET"]}}],"collection":[{"href":"https:\/\/tribunadeangola.org\/index.php?rest_route=\/wp\/v2\/posts"}],"about":[{"href":"https:\/\/tribunadeangola.org\/index.php?rest_route=\/wp\/v2\/types\/post"}],"author":[{"embeddable":true,"href":"https:\/\/tribunadeangola.org\/index.php?rest_route=\/wp\/v2\/users\/5"}],"replies":[{"embeddable":true,"href":"https:\/\/tribunadeangola.org\/index.php?rest_route=%2Fwp%2Fv2%2Fcomments&post=13417"}],"version-history":[{"count":1,"href":"https:\/\/tribunadeangola.org\/index.php?rest_route=\/wp\/v2\/posts\/13417\/revisions"}],"predecessor-version":[{"id":13419,"href":"https:\/\/tribunadeangola.org\/index.php?rest_route=\/wp\/v2\/posts\/13417\/revisions\/13419"}],"wp:featuredmedia":[{"embeddable":true,"href":"https:\/\/tribunadeangola.org\/index.php?rest_route=\/wp\/v2\/media\/13418"}],"wp:attachment":[{"href":"https:\/\/tribunadeangola.org\/index.php?rest_route=%2Fwp%2Fv2%2Fmedia&parent=13417"}],"wp:term":[{"taxonomy":"category","embeddable":true,"href":"https:\/\/tribunadeangola.org\/index.php?rest_route=%2Fwp%2Fv2%2Fcategories&post=13417"},{"taxonomy":"post_tag","embeddable":true,"href":"https:\/\/tribunadeangola.org\/index.php?rest_route=%2Fwp%2Fv2%2Ftags&post=13417"}],"curies":[{"name":"wp","href":"https:\/\/api.w.org\/{rel}","templated":true}]}}