{"id":12107,"date":"2024-03-15T10:00:05","date_gmt":"2024-03-15T09:00:05","guid":{"rendered":"https:\/\/tribunadeangola.org\/?p=12107"},"modified":"2024-03-19T15:16:52","modified_gmt":"2024-03-19T14:16:52","slug":"a-voragem","status":"publish","type":"post","link":"https:\/\/tribunadeangola.org\/?p=12107","title":{"rendered":"A Voragem"},"content":{"rendered":"\n<p>Os grandes\u00a0pensadores da modernidade convergem no espa\u00e7o e no tempo, h\u00e1 transforma\u00e7\u00f5es gritantes a que a pol\u00edtica tem de dar respostas, h\u00e1\u00a0cada vez menos possibilidades de consensos, porque invariavelmente, tudo se conjuga no sentido\u00a0de denegrir, desvalorizar, enfraquecer, as institui\u00e7\u00f5es tradicionais em democracia. <\/p>\n\n\n\n<p>A Justi\u00e7a trocou os tribunais pela rua e comunica\u00e7\u00e3o social, a sua inoperacionalidade e inefic\u00e1cia insinuam desconfian\u00e7a nos agentes pol\u00edticos, mesmo democr\u00e1tica\u00a0e livremente eleitos.\u00a0 <\/p>\n\n\n\n<p>O jornalismo prostitui-se por um prato de lentilhas, a esmagadora maioria vive do sal\u00e1rio do medo, o carreirismo da moda arrasta-o para fundamentalismos incompreens\u00edveis, transformando-se n\u00e3o s\u00f3 numa classe odiada como desprez\u00edvel. <\/p>\n\n\n\n<p>Depois temos a grande fragilidade contempor\u00e2nea, as redes sociais digitais, ve\u00edculo\u00a0das mais hediondas manifesta\u00e7\u00f5es e orquestra\u00e7\u00f5es, tendo\u00a0relegado para plano secund\u00e1rio os Parlamentos eleitos. As redes sociais s\u00e3o, tamb\u00e9m, um local camuflado para emboscadas cobardes. <\/p>\n\n\n\n<p>Mas h\u00e1 tamb\u00e9m culpados, todos aqueles que confundem liberdade com libertinagem, todos os que confundem intelig\u00eancia com esperteza, e a todos quantos os ponteiros do rel\u00f3gio tiram o sono. <\/p>\n\n\n\n<p>Vejamos contradi\u00e7\u00f5es gritantes:<br>A tribo dos malfeitores dissertou a mais depravada e nojenta opereta das rela\u00e7\u00f5es de Angola com a China, mas Jo\u00e3o Louren\u00e7o\u00a0foi recebido em Pequim como nenhum outro l\u00edder africano fora, reuniu-se com todos os altos signat\u00e1rios do Poder e seduziu empres\u00e1rios a escutarem\u00a0as suas propostas\u00a0de investimento no nosso pa\u00eds. <\/p>\n\n\n\n<p>Enquanto\u00a0isso, em nome da UNITA\/FPU, Paula Roque organiza jantares para denegrir a governa\u00e7\u00e3o angolana, insultar o Senhor Presidente da Rep\u00fablica, e nas barbas da nossa embaixada em Lisboa, a LUSA filtra informa\u00e7\u00e3o promovendo ataques\u00a0a Angola, e V\u00edtor Hugo Mendes compra um espa\u00e7o na Televis\u00e3o P\u00fablica RTP3, para um programa onde o bacharel tirano psicopata ACJ &#8220;B\u00e9tinho&#8221; e Tchiz\u00e9 dos Santos, ser\u00e3o protagonistas. <\/p>\n\n\n\n<p>Antes de terminar este meu escrito de hoje, recebi um telefonema de um m\u00e9dico portugu\u00eas de visita a Benguela, onde assistiu \u00e0 inaugura\u00e7\u00e3o de uma Unidade de Hemodi\u00e1lise com qualidade de &#8220;Primeiro Mundo&#8221;, palavras que ele mesmo proferiu.<br>O caminho faz-se andando. <\/p>\n\n\n\n<p>Com a Nova Rep\u00fablica\u2026!!!<\/p>\n","protected":false},"excerpt":{"rendered":"<p>Os grandes\u00a0pensadores da modernidade convergem no espa\u00e7o e no tempo, h\u00e1 transforma\u00e7\u00f5es gritantes a que a pol\u00edtica tem de dar respostas, h\u00e1\u00a0cada vez menos possibilidades de consensos, porque invariavelmente, tudo se conjuga no sentido\u00a0de denegrir, desvalorizar, enfraquecer, as institui\u00e7\u00f5es tradicionais em democracia. A Justi\u00e7a trocou os tribunais pela rua e comunica\u00e7\u00e3o social, a sua inoperacionalidade [&hellip;]<\/p>\n","protected":false},"author":5,"featured_media":12114,"comment_status":"closed","ping_status":"closed","sticky":false,"template":"","format":"standard","meta":{"inline_featured_image":false,"footnotes":""},"categories":[105,21],"tags":[89,33],"class_list":["post-12107","post","type-post","status-publish","format-standard","has-post-thumbnail","hentry","category-noticias","category-opiniao","tag-angola","tag-joao-lourenco"],"_links":{"self":[{"href":"https:\/\/tribunadeangola.org\/index.php?rest_route=\/wp\/v2\/posts\/12107","targetHints":{"allow":["GET"]}}],"collection":[{"href":"https:\/\/tribunadeangola.org\/index.php?rest_route=\/wp\/v2\/posts"}],"about":[{"href":"https:\/\/tribunadeangola.org\/index.php?rest_route=\/wp\/v2\/types\/post"}],"author":[{"embeddable":true,"href":"https:\/\/tribunadeangola.org\/index.php?rest_route=\/wp\/v2\/users\/5"}],"replies":[{"embeddable":true,"href":"https:\/\/tribunadeangola.org\/index.php?rest_route=%2Fwp%2Fv2%2Fcomments&post=12107"}],"version-history":[{"count":2,"href":"https:\/\/tribunadeangola.org\/index.php?rest_route=\/wp\/v2\/posts\/12107\/revisions"}],"predecessor-version":[{"id":12112,"href":"https:\/\/tribunadeangola.org\/index.php?rest_route=\/wp\/v2\/posts\/12107\/revisions\/12112"}],"wp:featuredmedia":[{"embeddable":true,"href":"https:\/\/tribunadeangola.org\/index.php?rest_route=\/wp\/v2\/media\/12114"}],"wp:attachment":[{"href":"https:\/\/tribunadeangola.org\/index.php?rest_route=%2Fwp%2Fv2%2Fmedia&parent=12107"}],"wp:term":[{"taxonomy":"category","embeddable":true,"href":"https:\/\/tribunadeangola.org\/index.php?rest_route=%2Fwp%2Fv2%2Fcategories&post=12107"},{"taxonomy":"post_tag","embeddable":true,"href":"https:\/\/tribunadeangola.org\/index.php?rest_route=%2Fwp%2Fv2%2Ftags&post=12107"}],"curies":[{"name":"wp","href":"https:\/\/api.w.org\/{rel}","templated":true}]}}