{"id":12080,"date":"2024-03-13T18:17:00","date_gmt":"2024-03-13T17:17:00","guid":{"rendered":"https:\/\/tribunadeangola.org\/?p=12080"},"modified":"2024-03-17T10:43:59","modified_gmt":"2024-03-17T09:43:59","slug":"rock-in-rio-lisboa-com-presenca-de-anselmo-ralph","status":"publish","type":"post","link":"https:\/\/tribunadeangola.org\/?p=12080","title":{"rendered":"Rock in Rio Lisboa com presen\u00e7a de Anselmo Ralph"},"content":{"rendered":"\n<p>O cantor angolano Anselmo Ralph vai ser um dos artistas que ir\u00e3o estar presentes na 10\u00aa edi\u00e7\u00e3o do Rock in Rio Lisboa, que ter\u00e1 agora uma nova localiza\u00e7\u00e3o, o Parque Tejo Lisboa, e contar\u00e1 com 12 horas de festa di\u00e1rias nos dias 15, 16, 22 e 23 de junho. Esta edi\u00e7\u00e3o celebra os 20 anos do festival.<\/p>\n\n\n\n<p>Anselmo Ralph vai actuar no Palco Galp no dia 23 de junho, na mesma data que os brasileiros Pedro Sampaio e Lu\u00edsa Sonza. Em 2022, o artista j\u00e1 havia sido um dos convidados a subir ao palco do medi\u00e1tico festival. Na altura, Anselmo mostrou-se lisonjeado por partilhar o palco com a renomada cantora do Brasil, Rebecca.<\/p>\n\n\n\n<p><strong>\u00c1lbuns de Sucesso e Reconhecimento Internacional<\/strong><\/p>\n\n\n\n<p>Em 2006, Anselmo lan\u00e7ou o seu \u00e1lbum de estreia, &#8220;Hist\u00f3rias de Amor&#8221;, atrav\u00e9s da produtora Bom Som, propriedade do pr\u00f3prio artista e de seu agente Camilo Travassos. O \u00e1lbum, dominado pelo g\u00e9nero R&amp;B, obteve sucesso imediato. Logo ap\u00f3s o lan\u00e7amento, Anselmo realizou um show que lotou em pouco tempo na discoteca Miami Beach, na Ilha de Luanda.<\/p>\n\n\n\n<p>O Seu segundo \u00e1lbum, &#8220;As \u00daltimas Hist\u00f3rias de Amor&#8221;, lan\u00e7ado em 2007, tamb\u00e9m pela produtora Bom Som, consolidou ainda mais sua posi\u00e7\u00e3o como um dos maiores artistas da lusofonia. Anselmo Ralph \u00e9 frequentemente considerado o artista mais popular de Angola e um dos mais bem-sucedidos de toda a comunidade lus\u00f3fona.<\/p>\n\n\n\n<p>Al\u00e9m de sua carreira solo, Anselmo \u00e9 respons\u00e1vel pela composi\u00e7\u00e3o de v\u00e1rias m\u00fasicas de sucesso interpretadas por outros artistas. Ele \u00e9 um dos compositores mais respeitados e bem-sucedidos de sua gera\u00e7\u00e3o. Sua voz cativante e suas letras emocionais conquistaram f\u00e3s em todo o mundo.<\/p>\n\n\n\n<p>Anselmo Ralph \u00e9 muito mais do que um cantor; ele \u00e9 um s\u00edmbolo de perseveran\u00e7a, paix\u00e3o e excel\u00eancia art\u00edstica. Sua participa\u00e7\u00e3o no Rock in Rio 2024 em Lisboa ser\u00e1 um momento emocionante para os f\u00e3s e uma celebra\u00e7\u00e3o de sua incr\u00edvel jornada musical.<\/p>\n","protected":false},"excerpt":{"rendered":"<p>O cantor angolano Anselmo Ralph vai ser um dos artistas que ir\u00e3o estar presentes na 10\u00aa edi\u00e7\u00e3o do Rock in Rio Lisboa, que ter\u00e1 agora uma nova localiza\u00e7\u00e3o, o Parque Tejo Lisboa, e contar\u00e1 com 12 horas de festa di\u00e1rias nos dias 15, 16, 22 e 23 de junho. Esta edi\u00e7\u00e3o celebra os 20 anos [&hellip;]<\/p>\n","protected":false},"author":1,"featured_media":12081,"comment_status":"closed","ping_status":"closed","sticky":false,"template":"","format":"standard","meta":{"inline_featured_image":false,"footnotes":""},"categories":[106],"tags":[685,686,2118],"class_list":["post-12080","post","type-post","status-publish","format-standard","has-post-thumbnail","hentry","category-koollife","tag-anselmo-ralph","tag-cantor","tag-rock-in-rio"],"_links":{"self":[{"href":"https:\/\/tribunadeangola.org\/index.php?rest_route=\/wp\/v2\/posts\/12080","targetHints":{"allow":["GET"]}}],"collection":[{"href":"https:\/\/tribunadeangola.org\/index.php?rest_route=\/wp\/v2\/posts"}],"about":[{"href":"https:\/\/tribunadeangola.org\/index.php?rest_route=\/wp\/v2\/types\/post"}],"author":[{"embeddable":true,"href":"https:\/\/tribunadeangola.org\/index.php?rest_route=\/wp\/v2\/users\/1"}],"replies":[{"embeddable":true,"href":"https:\/\/tribunadeangola.org\/index.php?rest_route=%2Fwp%2Fv2%2Fcomments&post=12080"}],"version-history":[{"count":1,"href":"https:\/\/tribunadeangola.org\/index.php?rest_route=\/wp\/v2\/posts\/12080\/revisions"}],"predecessor-version":[{"id":12082,"href":"https:\/\/tribunadeangola.org\/index.php?rest_route=\/wp\/v2\/posts\/12080\/revisions\/12082"}],"wp:featuredmedia":[{"embeddable":true,"href":"https:\/\/tribunadeangola.org\/index.php?rest_route=\/wp\/v2\/media\/12081"}],"wp:attachment":[{"href":"https:\/\/tribunadeangola.org\/index.php?rest_route=%2Fwp%2Fv2%2Fmedia&parent=12080"}],"wp:term":[{"taxonomy":"category","embeddable":true,"href":"https:\/\/tribunadeangola.org\/index.php?rest_route=%2Fwp%2Fv2%2Fcategories&post=12080"},{"taxonomy":"post_tag","embeddable":true,"href":"https:\/\/tribunadeangola.org\/index.php?rest_route=%2Fwp%2Fv2%2Ftags&post=12080"}],"curies":[{"name":"wp","href":"https:\/\/api.w.org\/{rel}","templated":true}]}}