{"id":11946,"date":"2024-02-14T11:06:57","date_gmt":"2024-02-14T10:06:57","guid":{"rendered":"https:\/\/tribunadeangola.org\/?p=11946"},"modified":"2024-02-16T16:56:02","modified_gmt":"2024-02-16T15:56:02","slug":"alto-e-para-o-baile","status":"publish","type":"post","link":"https:\/\/tribunadeangola.org\/?p=11946","title":{"rendered":"Alto e P\u00e1ra o Baile"},"content":{"rendered":"\n<p>Quando parece que a justi\u00e7a est\u00e1 a mexer, quando se pensa que est\u00e1 a perder a vergonha, eis sen\u00e3o por incompet\u00eancia ou cumplicidade, d\u00e1 de barato uma m\u00e3o cheia de muni\u00e7\u00f5es aos bandidos. <\/p>\n\n\n\n<p>Por omiss\u00e3o da justi\u00e7a angolana, n\u00e3o reagiu atempadamente, \u00e0 revelia, os advogados de Carlos S\u00e3o Vicente, conseguiram uma nota das Na\u00e7\u00f5es Unidas, com reparos vagos \u00e0 quest\u00e3o processual em Angola. <\/p>\n\n\n\n<p>Vale o que vale, ou seja n\u00e3o vale nada, mas serve para o folclore habitual da bandidagem e politicagem, a condena\u00e7\u00e3o de Carlos S\u00e3o Vicente est\u00e1 consubstanciado em factos comprovados, e s\u00f3 a Angola e as suas institui\u00e7\u00f5es cabe determinar. <\/p>\n\n\n\n<p>S\u00e3o estes &#8220;Faits-Divers&#8221; que descredibilizam\u00a0a ONU, tamb\u00e9m eles escondem as suas insufici\u00eancias, a fome no Sud\u00e3o, as guerras na Ucr\u00e2nia\u00a0e na Palestina, a inseguran\u00e7a no mar de Adem, e tamb\u00e9m vale lembrar onde andaram as Na\u00e7\u00f5es Unidas quando Carlos S\u00e3o Vicente roubava os angolanos e havia crian\u00e7as com fome. <\/p>\n\n\n\n<p>Aos cidad\u00e3os come\u00e7a a esgotar-se as paci\u00eancia, ouvimos nos seus queixumes, o desgaste da esperan\u00e7a fragiliza a vontade, a subvers\u00e3o n\u00e3o cessa, infiltra-se, mente, o pr\u00f3prio debate parlamentar faz-se na rua, deturpa-se, sem que haja quem diga, basta. <\/p>\n\n\n\n<p>Tarda a Terceira Rep\u00fablica, tarda escrever na hist\u00f3ria um tempo novo, tarda os jovens ocuparem\u00a0o trilhos do seu destino. <\/p>\n\n\n\n<p>Viva Angola, viva a Nova Rep\u00fablica\u2026!!!<\/p>\n","protected":false},"excerpt":{"rendered":"<p>Quando parece que a justi\u00e7a est\u00e1 a mexer, quando se pensa que est\u00e1 a perder a vergonha, eis sen\u00e3o por incompet\u00eancia ou cumplicidade, d\u00e1 de barato uma m\u00e3o cheia de muni\u00e7\u00f5es aos bandidos. Por omiss\u00e3o da justi\u00e7a angolana, n\u00e3o reagiu atempadamente, \u00e0 revelia, os advogados de Carlos S\u00e3o Vicente, conseguiram uma nota das Na\u00e7\u00f5es Unidas, [&hellip;]<\/p>\n","protected":false},"author":5,"featured_media":6663,"comment_status":"closed","ping_status":"closed","sticky":false,"template":"","format":"standard","meta":{"inline_featured_image":false,"footnotes":""},"categories":[105,21],"tags":[89,497],"class_list":["post-11946","post","type-post","status-publish","format-standard","has-post-thumbnail","hentry","category-noticias","category-opiniao","tag-angola","tag-justica"],"_links":{"self":[{"href":"https:\/\/tribunadeangola.org\/index.php?rest_route=\/wp\/v2\/posts\/11946","targetHints":{"allow":["GET"]}}],"collection":[{"href":"https:\/\/tribunadeangola.org\/index.php?rest_route=\/wp\/v2\/posts"}],"about":[{"href":"https:\/\/tribunadeangola.org\/index.php?rest_route=\/wp\/v2\/types\/post"}],"author":[{"embeddable":true,"href":"https:\/\/tribunadeangola.org\/index.php?rest_route=\/wp\/v2\/users\/5"}],"replies":[{"embeddable":true,"href":"https:\/\/tribunadeangola.org\/index.php?rest_route=%2Fwp%2Fv2%2Fcomments&post=11946"}],"version-history":[{"count":2,"href":"https:\/\/tribunadeangola.org\/index.php?rest_route=\/wp\/v2\/posts\/11946\/revisions"}],"predecessor-version":[{"id":11949,"href":"https:\/\/tribunadeangola.org\/index.php?rest_route=\/wp\/v2\/posts\/11946\/revisions\/11949"}],"wp:featuredmedia":[{"embeddable":true,"href":"https:\/\/tribunadeangola.org\/index.php?rest_route=\/wp\/v2\/media\/6663"}],"wp:attachment":[{"href":"https:\/\/tribunadeangola.org\/index.php?rest_route=%2Fwp%2Fv2%2Fmedia&parent=11946"}],"wp:term":[{"taxonomy":"category","embeddable":true,"href":"https:\/\/tribunadeangola.org\/index.php?rest_route=%2Fwp%2Fv2%2Fcategories&post=11946"},{"taxonomy":"post_tag","embeddable":true,"href":"https:\/\/tribunadeangola.org\/index.php?rest_route=%2Fwp%2Fv2%2Ftags&post=11946"}],"curies":[{"name":"wp","href":"https:\/\/api.w.org\/{rel}","templated":true}]}}